{"id":15683,"date":"2026-09-03T06:56:27","date_gmt":"2026-09-03T06:56:27","guid":{"rendered":"https:\/\/skinexpert.sesderma.com\/por-que-aparecen-manchas-verano-aunque-uses-protector-solar\/"},"modified":"2026-09-03T07:13:56","modified_gmt":"2026-09-03T07:13:56","slug":"why-do-more-spots-appear-in-the-summer-even-if-you-use-sunscreen","status":"publish","type":"post","link":"https:\/\/skinexpert.sesderma.com\/en\/why-do-more-spots-appear-in-the-summer-even-if-you-use-sunscreen\/","title":{"rendered":"Why do more spots appear in the summer even if you use sunscreen?"},"content":{"rendered":"<p>You apply SPF 50 sunscreen every morning, you haven\u2019t gotten sunburned a single day, and yet, in the middle of summer, your skin tone looks more uneven and your spots are more pronounced. It\u2019s not just your imagination. <strong>Freckles can darken with sun exposure, some spots may repigment, and others are a common sign of cumulative sun damage<\/strong>. The explanation isn\u2019t that your sunscreen is defective, but rather that you assume applying this type of product is enough\u2014regardless of how, when, or how much you use it\u2014and that you overlook other essential sun protection measures.<\/p>\n<h2>Five reasons why you still get sunspots even when you use sunscreen<\/h2>\n<h3>1. You\u2019re Not Applying Enough<\/h3>\n<p>One of the most common mistakes is using less sunscreen than necessary, which significantly reduces its effectiveness. To achieve the SPF indicated on the label, studies use an application rate of 2 mg\/cm\u00b2 of skin.<\/p>\n<p>As a practical guide to approximating this amount, the \u201c<strong>two-finger rule<\/strong>\u201d is recommended. For example, two lines of product spread across two fingers for the face and neck. This is likely quite a bit more than most people usually use, and it\u2019s what really makes a difference.<\/p>\n<p><img loading=\"lazy\" decoding=\"async\" class=\"aligncenter size-full wp-image-15617\" src=\"https:\/\/skinexpert.sesderma.com\/wp-content\/uploads\/2026\/08\/regla-de-los-dos-dedos-de-proteccion-solar.jpeg\" alt=\"regla de los dos dedos de protecci\u00f3n solar\" width=\"1376\" height=\"768\" srcset=\"https:\/\/skinexpert.sesderma.com\/wp-content\/uploads\/2026\/08\/regla-de-los-dos-dedos-de-proteccion-solar.jpeg 1376w, https:\/\/skinexpert.sesderma.com\/wp-content\/uploads\/2026\/08\/regla-de-los-dos-dedos-de-proteccion-solar-600x335.jpeg 600w\" sizes=\"auto, (max-width: 1376px) 100vw, 1376px\" \/><\/p>\n<h3>2. You\u2019re not reapplying correctly<\/h3>\n<p>During prolonged sun exposure, the amount of sunscreen on your skin can decrease over time, so it\u2019s necessary to <strong>reapply it approximately every two hours while you\u2019re out in the sun\u2014and especially after sweating, swimming, or drying off with a towel.<\/strong> Many people apply it only once a day, which leaves their skin unprotected for much of their time in the sun.<\/p>\n<h3>3. No sunscreen blocks all radiation<\/h3>\n<p><strong>No sunscreen can block 100% of solar radiation<\/strong>; a small amount of radiation always reaches the skin, so it\u2019s still possible to tan.<\/p>\n<p>That\u2019s why it\u2019s important to supplement the use of sunscreen with other sun protection measures, such as wearing protective clothing, a hat, and sunglasses, or seeking shade\u2014especially during the middle of the day.<\/p>\n<p>In addition, it\u2019s important to understand the meaning of the symbols on your sunscreen. The <strong>SPF<\/strong> indicates that your product protects against <strong>UVB<\/strong> radiation; however, for protection against <strong>UVA<\/strong> radiation, you need to look for this symbol inside a circle.<\/p>\n<p><img loading=\"lazy\" decoding=\"async\" class=\"aligncenter size-full wp-image-15615\" src=\"https:\/\/skinexpert.sesderma.com\/wp-content\/uploads\/2026\/08\/protector-solar-Repaskin-con-proteccion-UVA.jpg\" alt=\"protector solar Repaskin con protecci\u00f3n UVA\" width=\"1920\" height=\"820\" srcset=\"https:\/\/skinexpert.sesderma.com\/wp-content\/uploads\/2026\/08\/protector-solar-Repaskin-con-proteccion-UVA.jpg 1920w, https:\/\/skinexpert.sesderma.com\/wp-content\/uploads\/2026\/08\/protector-solar-Repaskin-con-proteccion-UVA-600x256.jpg 600w\" sizes=\"auto, (max-width: 1920px) 100vw, 1920px\" \/><\/p>\n<h3>4. Visible light can have an effect<\/h3>\n<p>Visible light is the only light your eyes can see, and it is present throughout the day. In people with higher skin phototypes, exposure to blue light in particular can promote the development of hyperpigmentation by triggering melanin synthesis.<\/p>\n<h3>5. Melanocytes may become overactive<\/h3>\n<p>Melanocytes are the cells responsible for producing melanin and can be activated by sun exposure. In some cases, when this exposure becomes constant, melanocytes may remain overactive and steadily increase melanin production, promoting the appearance of spots.<\/p>\n<table>\n<tbody>\n<tr>\n<td><strong>Type of radiation <\/strong><\/td>\n<td><strong>Relationship to pigmentation<\/strong><\/td>\n<td><strong>Impact on the skin<\/strong><\/td>\n<\/tr>\n<tr>\n<td>UVB<\/td>\n<td>Stimulates melanin production<\/td>\n<td>Delayed tanning and sunburn<\/td>\n<\/tr>\n<tr>\n<td>UVA<\/td>\n<td>Oxidation and redistribution of melanin<\/td>\n<td>Immediate tanning and photoaging<\/td>\n<\/tr>\n<tr>\n<td>Visible light<\/td>\n<td>Stimulates melanin production<\/td>\n<td>Appearance of spots in higher phototypes<\/td>\n<\/tr>\n<\/tbody>\n<\/table>\n<h2>How to prevent dark spots from getting darker in the summer<\/h2>\n<ul>\n<li>Use a broad-spectrum<strong> sunscreen with SPF 50+.<\/strong><\/li>\n<li>Make sure your sunscreen protects against different types of radiation.<\/li>\n<li>Apply<strong> enough sunscreen<\/strong> to ensure adequate protection.<\/li>\n<li><strong>Reapply<\/strong>, especially during intense sun exposure.<\/li>\n<li><strong>Avoid direct sun exposure<\/strong>, especially during the middle of the day; seek out shaded areas and cover your skin with clothing and accessories to reduce direct exposure.<\/li>\n<\/ul>\n<p>Just as important as applying sunscreen correctly is choosing a formula that protects against different types of solar radiation.<a href=\"https:\/\/www.sesderma.com\/es_en\/sunscreens\/collection\/repaskin\/\"> Sesderma\u2019s REPASKIN line<\/a> combines broad-spectrum filters, antioxidants, and repairing enzymes to offer comprehensive protection, with different textures and finishes so you can choose the one that best suits your skin and preferences.<\/p>\n<h2>Can you use a depigmenting product in the summer?<\/h2>\n<p>Yes. Depigmenting products can be part of your summer routine, as long as the product is formulated and intended for continuous use.<\/p>\n<p>In this context, <a href=\"https:\/\/www.sesderma.com\/es_en\/facial-care\/collection\/azelac-ru\/\">AZELAC RU<\/a> can complement this strategy with its depigmenting, antioxidant, and skin-renewing properties. Furthermore, while sunscreen helps reduce the impact of sun exposure on the skin, AZELAC RU addresses existing dark spots and helps prevent new ones from forming.<\/p>\n<p>The key is to combine both approaches: <strong>daily, consistent sun protection + an appropriate depigmenting product to complement its action.<\/strong><\/p>\n<h2>Frequently asked questions about sunspots and sunscreen<\/h2>\n<h3>I use SPF 50 sunscreen every day\u2014why have I still developed sunspots?<\/h3>\n<p>Because using SPF 50 sunscreen does not completely eliminate exposure to solar radiation, and actual protection also depends on the amount applied, reapplication, and the use of physical barriers.<\/p>\n<h3>Does SPF 50 provide twice as much protection as SPF 30?<\/h3>\n<p>No. SPF refers to the level of protection against UVB radiation, and the number indicates the ratio of the radiation dose required to cause erythema on the skin with versus without protection.<\/p>\n<h3>Can I use a depigmenting product in the summer?<\/h3>\n<p>S\u00ed, siempre que la f\u00f3rmula est\u00e9 indicada para ello. En el caso de AZELAC RU est\u00e1 dise\u00f1ado para su uso continuado durante todo el a\u00f1o, incluido el verano, y en todos los fototipos. Lo que no debe faltar en ning\u00fan caso es la fotoprotecci\u00f3n diaria.<\/p>\n<h3>What is the best sunscreen for preventing dark spots from getting darker?<\/h3>\n<p>Look for a broad-spectrum sunscreen with an SPF of 50 or higher. If you\u2019re prone to dark spots, you may want to consider sunscreens that offer protection against visible light and also contain depigmenting ingredients. You might be interested in <a href=\"https:\/\/www.sesderma.com\/es_en\/repaskin-urban-365-depigmenting-spf50-plus-40008215.html\">REPASKIN URBAN 365 Depigmenting<\/a>.<\/p>\n<p>In the summer, managing dark spots involves addressing all the factors that can contribute to their appearance and darkening. That\u2019s why, if you\u2019re concerned about dark spots, effective sun protection\u2014applied correctly and combined with a proper skincare routine and other measures\u2014is the best strategy to help prevent pigmentation from intensifying.<\/p>\n","protected":false},"excerpt":{"rendered":"<p>You apply SPF 50 sunscreen every morning, you haven\u2019t gotten sunburned a single day, and yet, in the middle of summer, your skin tone looks more uneven and your spots are more pronounced. It\u2019s not just your imagination. Freckles can darken with sun exposure, some spots may repigment, and others are a common sign of&#8230;<\/p>\n","protected":false},"author":19,"featured_media":15627,"comment_status":"closed","ping_status":"closed","sticky":false,"template":"","format":"standard","meta":{"footnotes":""},"categories":[1016],"tags":[],"class_list":["post-15683","post","type-post","status-publish","format-standard","has-post-thumbnail","hentry","category-skin-care-en"],"yoast_head":"<!-- This site is optimized with the Yoast SEO plugin v28.4 - https:\/\/yoast.com\/product\/yoast-seo-wordpress\/ -->\n<title>Why do more spots appear in the summer even if you use sunscreen? - Skinexpert<\/title>\n<meta name=\"description\" content=\"In the summer, managing dark spots means addressing all the factors that can contribute to their appearance and darkening. Come on in!\" \/>\n<meta name=\"robots\" content=\"index, follow, max-snippet:-1, max-image-preview:large, max-video-preview:-1\" \/>\n<link rel=\"canonical\" href=\"https:\/\/skinexpert.sesderma.com\/en\/why-do-more-spots-appear-in-the-summer-even-if-you-use-sunscreen\/\" \/>\n<meta property=\"og:locale\" content=\"en_US\" \/>\n<meta property=\"og:type\" content=\"article\" \/>\n<meta property=\"og:title\" content=\"Why do more spots appear in the summer even if you use sunscreen? - Skinexpert\" \/>\n<meta property=\"og:description\" content=\"In the summer, managing dark spots means addressing all the factors that can contribute to their appearance and darkening. Come on in!\" \/>\n<meta property=\"og:url\" content=\"https:\/\/skinexpert.sesderma.com\/en\/why-do-more-spots-appear-in-the-summer-even-if-you-use-sunscreen\/\" \/>\n<meta property=\"og:site_name\" content=\"Skinexpert\" \/>\n<meta property=\"article:published_time\" content=\"2026-09-03T06:56:27+00:00\" \/>\n<meta property=\"article:modified_time\" content=\"2026-09-03T07:13:56+00:00\" \/>\n<meta property=\"og:image\" content=\"https:\/\/skinexpert.sesderma.com\/wp-content\/uploads\/2026\/08\/manchas-en-verano-aunque-uses-protector-solar.jpg\" \/>\n\t<meta property=\"og:image:width\" content=\"900\" \/>\n\t<meta property=\"og:image:height\" content=\"500\" \/>\n\t<meta property=\"og:image:type\" content=\"image\/jpeg\" \/>\n<meta name=\"author\" content=\"Marta Solano\" \/>\n<meta name=\"twitter:card\" content=\"summary_large_image\" \/>\n<meta name=\"twitter:label1\" content=\"Written by\" \/>\n\t<meta name=\"twitter:data1\" content=\"Marta Solano\" \/>\n\t<meta name=\"twitter:label2\" content=\"Est. reading time\" \/>\n\t<meta name=\"twitter:data2\" content=\"5 minutes\" \/>\n<script type=\"application\/ld+json\" class=\"yoast-schema-graph\">{\"@context\":\"https:\\\/\\\/schema.org\",\"@graph\":[{\"@type\":[\"Article\",\"BlogPosting\"],\"@id\":\"https:\\\/\\\/skinexpert.sesderma.com\\\/en\\\/why-do-more-spots-appear-in-the-summer-even-if-you-use-sunscreen\\\/#article\",\"isPartOf\":{\"@id\":\"https:\\\/\\\/skinexpert.sesderma.com\\\/en\\\/why-do-more-spots-appear-in-the-summer-even-if-you-use-sunscreen\\\/\"},\"author\":{\"name\":\"Marta Solano\",\"@id\":\"https:\\\/\\\/skinexpert.sesderma.com\\\/en\\\/#\\\/schema\\\/person\\\/751341b21653fee57c09f8d37614616f\"},\"headline\":\"Why do more spots appear in the summer even if you use sunscreen?\",\"datePublished\":\"2026-09-03T06:56:27+00:00\",\"dateModified\":\"2026-09-03T07:13:56+00:00\",\"mainEntityOfPage\":{\"@id\":\"https:\\\/\\\/skinexpert.sesderma.com\\\/en\\\/why-do-more-spots-appear-in-the-summer-even-if-you-use-sunscreen\\\/\"},\"wordCount\":979,\"publisher\":{\"@id\":\"https:\\\/\\\/skinexpert.sesderma.com\\\/en\\\/#organization\"},\"image\":{\"@id\":\"https:\\\/\\\/skinexpert.sesderma.com\\\/en\\\/why-do-more-spots-appear-in-the-summer-even-if-you-use-sunscreen\\\/#primaryimage\"},\"thumbnailUrl\":\"https:\\\/\\\/skinexpert.sesderma.com\\\/wp-content\\\/uploads\\\/2026\\\/08\\\/manchas-en-verano-aunque-uses-protector-solar.jpg\",\"articleSection\":[\"Skin care\"],\"inLanguage\":\"en-US\"},{\"@type\":\"WebPage\",\"@id\":\"https:\\\/\\\/skinexpert.sesderma.com\\\/en\\\/why-do-more-spots-appear-in-the-summer-even-if-you-use-sunscreen\\\/\",\"url\":\"https:\\\/\\\/skinexpert.sesderma.com\\\/en\\\/why-do-more-spots-appear-in-the-summer-even-if-you-use-sunscreen\\\/\",\"name\":\"Why do more spots appear in the summer even if you use sunscreen? - Skinexpert\",\"isPartOf\":{\"@id\":\"https:\\\/\\\/skinexpert.sesderma.com\\\/en\\\/#website\"},\"primaryImageOfPage\":{\"@id\":\"https:\\\/\\\/skinexpert.sesderma.com\\\/en\\\/why-do-more-spots-appear-in-the-summer-even-if-you-use-sunscreen\\\/#primaryimage\"},\"image\":{\"@id\":\"https:\\\/\\\/skinexpert.sesderma.com\\\/en\\\/why-do-more-spots-appear-in-the-summer-even-if-you-use-sunscreen\\\/#primaryimage\"},\"thumbnailUrl\":\"https:\\\/\\\/skinexpert.sesderma.com\\\/wp-content\\\/uploads\\\/2026\\\/08\\\/manchas-en-verano-aunque-uses-protector-solar.jpg\",\"datePublished\":\"2026-09-03T06:56:27+00:00\",\"dateModified\":\"2026-09-03T07:13:56+00:00\",\"description\":\"In the summer, managing dark spots means addressing all the factors that can contribute to their appearance and darkening. Come on in!\",\"breadcrumb\":{\"@id\":\"https:\\\/\\\/skinexpert.sesderma.com\\\/en\\\/why-do-more-spots-appear-in-the-summer-even-if-you-use-sunscreen\\\/#breadcrumb\"},\"inLanguage\":\"en-US\",\"potentialAction\":[{\"@type\":\"ReadAction\",\"target\":[\"https:\\\/\\\/skinexpert.sesderma.com\\\/en\\\/why-do-more-spots-appear-in-the-summer-even-if-you-use-sunscreen\\\/\"]}]},{\"@type\":\"ImageObject\",\"inLanguage\":\"en-US\",\"@id\":\"https:\\\/\\\/skinexpert.sesderma.com\\\/en\\\/why-do-more-spots-appear-in-the-summer-even-if-you-use-sunscreen\\\/#primaryimage\",\"url\":\"https:\\\/\\\/skinexpert.sesderma.com\\\/wp-content\\\/uploads\\\/2026\\\/08\\\/manchas-en-verano-aunque-uses-protector-solar.jpg\",\"contentUrl\":\"https:\\\/\\\/skinexpert.sesderma.com\\\/wp-content\\\/uploads\\\/2026\\\/08\\\/manchas-en-verano-aunque-uses-protector-solar.jpg\",\"width\":900,\"height\":500,\"caption\":\"manchas en verano aunque uses protector solar\"},{\"@type\":\"BreadcrumbList\",\"@id\":\"https:\\\/\\\/skinexpert.sesderma.com\\\/en\\\/why-do-more-spots-appear-in-the-summer-even-if-you-use-sunscreen\\\/#breadcrumb\",\"itemListElement\":[{\"@type\":\"ListItem\",\"position\":1,\"name\":\"Blog Sesderma\",\"item\":\"https:\\\/\\\/skinexpert.sesderma.com\\\/en\\\/\"},{\"@type\":\"ListItem\",\"position\":2,\"name\":\"No category\",\"item\":\"https:\\\/\\\/skinexpert.sesderma.com\\\/en\\\/no-category\\\/\"},{\"@type\":\"ListItem\",\"position\":3,\"name\":\"Why do more spots appear in the summer even if you use sunscreen?\"}]},{\"@type\":\"WebSite\",\"@id\":\"https:\\\/\\\/skinexpert.sesderma.com\\\/en\\\/#website\",\"url\":\"https:\\\/\\\/skinexpert.sesderma.com\\\/en\\\/\",\"name\":\"Skinexpert\",\"description\":\"Skinexpert\",\"publisher\":{\"@id\":\"https:\\\/\\\/skinexpert.sesderma.com\\\/en\\\/#organization\"},\"potentialAction\":[{\"@type\":\"SearchAction\",\"target\":{\"@type\":\"EntryPoint\",\"urlTemplate\":\"https:\\\/\\\/skinexpert.sesderma.com\\\/en\\\/?s={search_term_string}\"},\"query-input\":{\"@type\":\"PropertyValueSpecification\",\"valueRequired\":true,\"valueName\":\"search_term_string\"}}],\"inLanguage\":\"en-US\"},{\"@type\":\"Organization\",\"@id\":\"https:\\\/\\\/skinexpert.sesderma.com\\\/en\\\/#organization\",\"name\":\"Sesderma\",\"url\":\"https:\\\/\\\/skinexpert.sesderma.com\\\/en\\\/\",\"logo\":{\"@type\":\"ImageObject\",\"inLanguage\":\"en-US\",\"@id\":\"https:\\\/\\\/skinexpert.sesderma.com\\\/en\\\/#\\\/schema\\\/logo\\\/image\\\/\",\"url\":\"https:\\\/\\\/skinexpert.sesderma.com\\\/wp-content\\\/uploads\\\/2019\\\/08\\\/logo.png\",\"contentUrl\":\"https:\\\/\\\/skinexpert.sesderma.com\\\/wp-content\\\/uploads\\\/2019\\\/08\\\/logo.png\",\"width\":175,\"height\":102,\"caption\":\"Sesderma\"},\"image\":{\"@id\":\"https:\\\/\\\/skinexpert.sesderma.com\\\/en\\\/#\\\/schema\\\/logo\\\/image\\\/\"}},{\"@type\":\"Person\",\"@id\":\"https:\\\/\\\/skinexpert.sesderma.com\\\/en\\\/#\\\/schema\\\/person\\\/751341b21653fee57c09f8d37614616f\",\"name\":\"Marta Solano\",\"image\":{\"@type\":\"ImageObject\",\"inLanguage\":\"en-US\",\"@id\":\"https:\\\/\\\/secure.gravatar.com\\\/avatar\\\/fb303c600d881a52c7f08eeb749d615b060324d245fc2aca5b639aa27b65078a?s=96&d=mm&r=g\",\"url\":\"https:\\\/\\\/secure.gravatar.com\\\/avatar\\\/fb303c600d881a52c7f08eeb749d615b060324d245fc2aca5b639aa27b65078a?s=96&d=mm&r=g\",\"contentUrl\":\"https:\\\/\\\/secure.gravatar.com\\\/avatar\\\/fb303c600d881a52c7f08eeb749d615b060324d245fc2aca5b639aa27b65078a?s=96&d=mm&r=g\",\"caption\":\"Marta Solano\"},\"url\":\"https:\\\/\\\/skinexpert.sesderma.com\\\/en\\\/author\\\/rodanet_marta\\\/\"}]}<\/script>\n<!-- \/ Yoast SEO plugin. -->","yoast_head_json":{"title":"Why do more spots appear in the summer even if you use sunscreen? - Skinexpert","description":"In the summer, managing dark spots means addressing all the factors that can contribute to their appearance and darkening. Come on in!","robots":{"index":"index","follow":"follow","max-snippet":"max-snippet:-1","max-image-preview":"max-image-preview:large","max-video-preview":"max-video-preview:-1"},"canonical":"https:\/\/skinexpert.sesderma.com\/en\/why-do-more-spots-appear-in-the-summer-even-if-you-use-sunscreen\/","og_locale":"en_US","og_type":"article","og_title":"Why do more spots appear in the summer even if you use sunscreen? - Skinexpert","og_description":"In the summer, managing dark spots means addressing all the factors that can contribute to their appearance and darkening. Come on in!","og_url":"https:\/\/skinexpert.sesderma.com\/en\/why-do-more-spots-appear-in-the-summer-even-if-you-use-sunscreen\/","og_site_name":"Skinexpert","article_published_time":"2026-09-03T06:56:27+00:00","article_modified_time":"2026-09-03T07:13:56+00:00","og_image":[{"width":900,"height":500,"url":"https:\/\/skinexpert.sesderma.com\/wp-content\/uploads\/2026\/08\/manchas-en-verano-aunque-uses-protector-solar.jpg","type":"image\/jpeg"}],"author":"Marta Solano","twitter_card":"summary_large_image","twitter_misc":{"Written by":"Marta Solano","Est. reading time":"5 minutes"},"schema":{"@context":"https:\/\/schema.org","@graph":[{"@type":["Article","BlogPosting"],"@id":"https:\/\/skinexpert.sesderma.com\/en\/why-do-more-spots-appear-in-the-summer-even-if-you-use-sunscreen\/#article","isPartOf":{"@id":"https:\/\/skinexpert.sesderma.com\/en\/why-do-more-spots-appear-in-the-summer-even-if-you-use-sunscreen\/"},"author":{"name":"Marta Solano","@id":"https:\/\/skinexpert.sesderma.com\/en\/#\/schema\/person\/751341b21653fee57c09f8d37614616f"},"headline":"Why do more spots appear in the summer even if you use sunscreen?","datePublished":"2026-09-03T06:56:27+00:00","dateModified":"2026-09-03T07:13:56+00:00","mainEntityOfPage":{"@id":"https:\/\/skinexpert.sesderma.com\/en\/why-do-more-spots-appear-in-the-summer-even-if-you-use-sunscreen\/"},"wordCount":979,"publisher":{"@id":"https:\/\/skinexpert.sesderma.com\/en\/#organization"},"image":{"@id":"https:\/\/skinexpert.sesderma.com\/en\/why-do-more-spots-appear-in-the-summer-even-if-you-use-sunscreen\/#primaryimage"},"thumbnailUrl":"https:\/\/skinexpert.sesderma.com\/wp-content\/uploads\/2026\/08\/manchas-en-verano-aunque-uses-protector-solar.jpg","articleSection":["Skin care"],"inLanguage":"en-US"},{"@type":"WebPage","@id":"https:\/\/skinexpert.sesderma.com\/en\/why-do-more-spots-appear-in-the-summer-even-if-you-use-sunscreen\/","url":"https:\/\/skinexpert.sesderma.com\/en\/why-do-more-spots-appear-in-the-summer-even-if-you-use-sunscreen\/","name":"Why do more spots appear in the summer even if you use sunscreen? - Skinexpert","isPartOf":{"@id":"https:\/\/skinexpert.sesderma.com\/en\/#website"},"primaryImageOfPage":{"@id":"https:\/\/skinexpert.sesderma.com\/en\/why-do-more-spots-appear-in-the-summer-even-if-you-use-sunscreen\/#primaryimage"},"image":{"@id":"https:\/\/skinexpert.sesderma.com\/en\/why-do-more-spots-appear-in-the-summer-even-if-you-use-sunscreen\/#primaryimage"},"thumbnailUrl":"https:\/\/skinexpert.sesderma.com\/wp-content\/uploads\/2026\/08\/manchas-en-verano-aunque-uses-protector-solar.jpg","datePublished":"2026-09-03T06:56:27+00:00","dateModified":"2026-09-03T07:13:56+00:00","description":"In the summer, managing dark spots means addressing all the factors that can contribute to their appearance and darkening. Come on in!","breadcrumb":{"@id":"https:\/\/skinexpert.sesderma.com\/en\/why-do-more-spots-appear-in-the-summer-even-if-you-use-sunscreen\/#breadcrumb"},"inLanguage":"en-US","potentialAction":[{"@type":"ReadAction","target":["https:\/\/skinexpert.sesderma.com\/en\/why-do-more-spots-appear-in-the-summer-even-if-you-use-sunscreen\/"]}]},{"@type":"ImageObject","inLanguage":"en-US","@id":"https:\/\/skinexpert.sesderma.com\/en\/why-do-more-spots-appear-in-the-summer-even-if-you-use-sunscreen\/#primaryimage","url":"https:\/\/skinexpert.sesderma.com\/wp-content\/uploads\/2026\/08\/manchas-en-verano-aunque-uses-protector-solar.jpg","contentUrl":"https:\/\/skinexpert.sesderma.com\/wp-content\/uploads\/2026\/08\/manchas-en-verano-aunque-uses-protector-solar.jpg","width":900,"height":500,"caption":"manchas en verano aunque uses protector solar"},{"@type":"BreadcrumbList","@id":"https:\/\/skinexpert.sesderma.com\/en\/why-do-more-spots-appear-in-the-summer-even-if-you-use-sunscreen\/#breadcrumb","itemListElement":[{"@type":"ListItem","position":1,"name":"Blog Sesderma","item":"https:\/\/skinexpert.sesderma.com\/en\/"},{"@type":"ListItem","position":2,"name":"No category","item":"https:\/\/skinexpert.sesderma.com\/en\/no-category\/"},{"@type":"ListItem","position":3,"name":"Why do more spots appear in the summer even if you use sunscreen?"}]},{"@type":"WebSite","@id":"https:\/\/skinexpert.sesderma.com\/en\/#website","url":"https:\/\/skinexpert.sesderma.com\/en\/","name":"Skinexpert","description":"Skinexpert","publisher":{"@id":"https:\/\/skinexpert.sesderma.com\/en\/#organization"},"potentialAction":[{"@type":"SearchAction","target":{"@type":"EntryPoint","urlTemplate":"https:\/\/skinexpert.sesderma.com\/en\/?s={search_term_string}"},"query-input":{"@type":"PropertyValueSpecification","valueRequired":true,"valueName":"search_term_string"}}],"inLanguage":"en-US"},{"@type":"Organization","@id":"https:\/\/skinexpert.sesderma.com\/en\/#organization","name":"Sesderma","url":"https:\/\/skinexpert.sesderma.com\/en\/","logo":{"@type":"ImageObject","inLanguage":"en-US","@id":"https:\/\/skinexpert.sesderma.com\/en\/#\/schema\/logo\/image\/","url":"https:\/\/skinexpert.sesderma.com\/wp-content\/uploads\/2019\/08\/logo.png","contentUrl":"https:\/\/skinexpert.sesderma.com\/wp-content\/uploads\/2019\/08\/logo.png","width":175,"height":102,"caption":"Sesderma"},"image":{"@id":"https:\/\/skinexpert.sesderma.com\/en\/#\/schema\/logo\/image\/"}},{"@type":"Person","@id":"https:\/\/skinexpert.sesderma.com\/en\/#\/schema\/person\/751341b21653fee57c09f8d37614616f","name":"Marta Solano","image":{"@type":"ImageObject","inLanguage":"en-US","@id":"https:\/\/secure.gravatar.com\/avatar\/fb303c600d881a52c7f08eeb749d615b060324d245fc2aca5b639aa27b65078a?s=96&d=mm&r=g","url":"https:\/\/secure.gravatar.com\/avatar\/fb303c600d881a52c7f08eeb749d615b060324d245fc2aca5b639aa27b65078a?s=96&d=mm&r=g","contentUrl":"https:\/\/secure.gravatar.com\/avatar\/fb303c600d881a52c7f08eeb749d615b060324d245fc2aca5b639aa27b65078a?s=96&d=mm&r=g","caption":"Marta Solano"},"url":"https:\/\/skinexpert.sesderma.com\/en\/author\/rodanet_marta\/"}]}},"_links":{"self":[{"href":"https:\/\/skinexpert.sesderma.com\/en\/wp-json\/wp\/v2\/posts\/15683","targetHints":{"allow":["GET"]}}],"collection":[{"href":"https:\/\/skinexpert.sesderma.com\/en\/wp-json\/wp\/v2\/posts"}],"about":[{"href":"https:\/\/skinexpert.sesderma.com\/en\/wp-json\/wp\/v2\/types\/post"}],"author":[{"embeddable":true,"href":"https:\/\/skinexpert.sesderma.com\/en\/wp-json\/wp\/v2\/users\/19"}],"replies":[{"embeddable":true,"href":"https:\/\/skinexpert.sesderma.com\/en\/wp-json\/wp\/v2\/comments?post=15683"}],"version-history":[{"count":2,"href":"https:\/\/skinexpert.sesderma.com\/en\/wp-json\/wp\/v2\/posts\/15683\/revisions"}],"predecessor-version":[{"id":15685,"href":"https:\/\/skinexpert.sesderma.com\/en\/wp-json\/wp\/v2\/posts\/15683\/revisions\/15685"}],"wp:featuredmedia":[{"embeddable":true,"href":"https:\/\/skinexpert.sesderma.com\/en\/wp-json\/wp\/v2\/media\/15627"}],"wp:attachment":[{"href":"https:\/\/skinexpert.sesderma.com\/en\/wp-json\/wp\/v2\/media?parent=15683"}],"wp:term":[{"taxonomy":"category","embeddable":true,"href":"https:\/\/skinexpert.sesderma.com\/en\/wp-json\/wp\/v2\/categories?post=15683"},{"taxonomy":"post_tag","embeddable":true,"href":"https:\/\/skinexpert.sesderma.com\/en\/wp-json\/wp\/v2\/tags?post=15683"}],"curies":[{"name":"wp","href":"https:\/\/api.w.org\/{rel}","templated":true}]}}