{"id":14334,"date":"2025-11-16T09:06:39","date_gmt":"2025-11-16T09:06:39","guid":{"rendered":"https:\/\/skinexpert.sesderma.com\/que-es-el-vitiligo\/"},"modified":"2025-11-16T09:06:39","modified_gmt":"2025-11-16T09:06:39","slug":"que-es-el-vitiligo","status":"publish","type":"post","link":"https:\/\/skinexpert.sesderma.com\/en\/que-es-el-vitiligo\/","title":{"rendered":"\u00bfQu\u00e9 es el vit\u00edligo y por qu\u00e9 aparecen manchas blancas en la piel?"},"content":{"rendered":"<p>Las <strong>manchas blancas en la piel<\/strong> son un motivo de consulta muy frecuente en dermatolog\u00eda. No siempre significan lo mismo ni tienen la misma causa. En algunos casos se deben a sequedad, eccema o exposiciones solares repetidas, y en otros corresponden a enfermedades de la pigmentaci\u00f3n como el <strong>vit\u00edligo<\/strong>. Por eso, ante la aparici\u00f3n de estas lesiones, es importante acudir al dermat\u00f3logo para recibir un diagn\u00f3stico preciso.<\/p>\n<p>Si quieres profundizar en otros tipos de manchas, te recomendamos leer m\u00e1s sobre las <a href=\"https:\/\/skinexpert.sesderma.com\/en\/white-spots-on-the-face-types-causes-and-treatment\/\" target=\"_blank\" rel=\"noopener noreferrer\">manchas blancas en la cara: tipos, causas y tratamiento<\/a> o sobre las <a href=\"https:\/\/skinexpert.sesderma.com\/manchas-blancas-en-la-piel-por-el-sol\/\" target=\"_blank\" rel=\"noopener noreferrer\">manchas blancas en la piel producidas por el sol<\/a>.<\/p>\n<h2>Vit\u00edligo: significado y definici\u00f3n<\/h2>\n<p>El <strong>vit\u00edligo<\/strong> es una <strong>enfermedad cr\u00f3nica de la piel<\/strong> en la que se destruyen o dejan de funcionar los melanocitos, que son las c\u00e9lulas encargadas de producir melanina (el pigmento que da color a la piel, al pelo y, en menor medida, a algunas mucosas). Como consecuencia, aparecen <strong>manchas blancas bien delimitadas<\/strong>, de tama\u00f1o y forma variable, que pueden ir aumentando con el tiempo.<\/p>\n<p>Algunos puntos clave sobre el vit\u00edligo:<\/p>\n<ul>\n<li>Es una <strong>enfermedad no contagiosa<\/strong>.<\/li>\n<li>Puede afectar a personas de cualquier edad, aunque es m\u00e1s frecuente que debute entre los <strong>10 y los 30 a\u00f1os<\/strong>.<\/li>\n<li>Afecta por igual a hombres y mujeres, y puede aparecer en todos los fototipos cut\u00e1neos (piel clara u oscura).<\/li>\n<li>No produce dolor; en ocasiones puede acompa\u00f1arse de ligera <strong>sequedad o picor<\/strong>, sobre todo si coexisten otras patolog\u00edas cut\u00e1neas.<\/li>\n<\/ul>\n<h2>\u00bfQu\u00e9 provoca el vit\u00edligo? Causas y factores implicados<\/h2>\n<p>El origen exacto del vit\u00edligo es complejo y multifactorial. Existen varias teor\u00edas que intentan explicar por qu\u00e9 se destruyen los melanocitos:<\/p>\n<h3>1. Teor\u00eda autoinmune<\/h3>\n<p>Es la hip\u00f3tesis m\u00e1s aceptada. En el vit\u00edligo, el sistema inmunitario reconoce por error los melanocitos como \u201cextra\u00f1os\u201d y los ataca, provocando su destrucci\u00f3n progresiva. No es raro que algunas personas con vit\u00edligo presenten adem\u00e1s otras <strong>enfermedades autoinmunes<\/strong> (como trastornos tiroideos), motivo por el cual el dermat\u00f3logo puede solicitar an\u00e1lisis complementarios.<\/p>\n<h3>2. Teor\u00eda metab\u00f3lica y estr\u00e9s oxidativo<\/h3>\n<p>Otra teor\u00eda resalta el papel del <strong>estr\u00e9s oxidativo<\/strong>. Un exceso de radicales libres y un desequilibrio en los mecanismos antioxidantes de la piel podr\u00edan da\u00f1ar a los melanocitos, alterando la s\u00edntesis y el transporte de melanina.<\/p>\n<p><img loading=\"lazy\" decoding=\"async\" class=\"aligncenter size-full wp-image-14329\" src=\"https:\/\/skinexpert.sesderma.com\/wp-content\/uploads\/2024\/06\/vitiligio-significado.png\" alt=\"\" width=\"587\" height=\"538\" srcset=\"https:\/\/skinexpert.sesderma.com\/wp-content\/uploads\/2024\/06\/vitiligio-significado.png 587w, https:\/\/skinexpert.sesderma.com\/wp-content\/uploads\/2024\/06\/vitiligio-significado-300x275.png 300w\" sizes=\"auto, (max-width: 587px) 100vw, 587px\" \/><\/p>\n<h3>3. Teor\u00eda neurog\u00e9nica<\/h3>\n<p>Plantea que determinadas <strong>sustancias neuroqu\u00edmicas<\/strong> liberadas por las terminaciones nerviosas cut\u00e1neas podr\u00edan resultar t\u00f3xicas para los melanocitos y desencadenar su destrucci\u00f3n.<\/p>\n<h3>4. Factor gen\u00e9tico y antecedentes familiares<\/h3>\n<p>En aproximadamente un <strong>20 % de los casos<\/strong>, el vit\u00edligo aparece en varios miembros de la misma familia, lo que indica una <strong>predisposici\u00f3n hereditaria<\/strong>. Tener antecedentes familiares no significa que necesariamente vayas a desarrollarlo, pero s\u00ed que el riesgo puede ser algo mayor.<\/p>\n<h3>5. Factores desencadenantes (incluido el estr\u00e9s)<\/h3>\n<p>Aunque la base suele ser gen\u00e9tica o autoinmune, distintos factores pueden actuar como \u201cdisparadores\u201d o empeorar la enfermedad:<\/p>\n<ul>\n<li><strong>Estr\u00e9s emocional intenso o mantenido<\/strong>.<\/li>\n<li>Quemaduras solares importantes o agresiones repetidas en la piel.<\/li>\n<li>Traumatismos locales (fen\u00f3meno de Koebner: aparici\u00f3n de lesiones en zonas de roce o microtrauma).<\/li>\n<li>Algunos factores hormonales o cambios vitales (pubertad, embarazo, etc.).<\/li>\n<\/ul>\n<p>Es importante recalcar que el estr\u00e9s por s\u00ed solo no \u201ccrea\u201d el vit\u00edligo, pero puede <strong>desencadenar brotes<\/strong> o favorecer que las manchas se extiendan en personas predispuestas.<\/p>\n<h2>\u00bfQu\u00e9 personas son m\u00e1s propensas a tener vit\u00edligo?<\/h2>\n<p>Cualquier persona puede desarrollar vit\u00edligo, pero el riesgo puede ser mayor cuando:<\/p>\n<ul>\n<li>Existen <strong>antecedentes familiares<\/strong> de vit\u00edligo u otras enfermedades autoinmunes.<\/li>\n<li>La persona padece enfermedades autoinmunes asociadas (tiroiditis autoinmune, por ejemplo).<\/li>\n<li>Se han sufrido <strong>quemaduras solares intensas<\/strong> o repetidas.<\/li>\n<li>Se viven periodos prolongados de <strong>estr\u00e9s f\u00edsico o emocional<\/strong>.<\/li>\n<\/ul>\n<p>Aun as\u00ed, en muchos pacientes no se identifica un desencadenante claro, por lo que el abordaje debe ser siempre individualizado por el dermat\u00f3logo.<\/p>\n<h2>Vit\u00edligo: c\u00f3mo son las manchas y en qu\u00e9 zonas aparecen<\/h2>\n<p>Las manchas de vit\u00edligo suelen ser:<\/p>\n<ul>\n<li><strong>Blancas, bien delimitadas<\/strong>, a veces con un borde algo m\u00e1s oscuro.<\/li>\n<li>De tama\u00f1o variable: desde peque\u00f1os puntos hasta placas m\u00e1s extensas.<\/li>\n<li>Habitualmente <strong>sim\u00e9tricas<\/strong> (por ejemplo, en ambos lados del cuerpo).<\/li>\n<\/ul>\n<p>Las zonas m\u00e1s frecuentes donde se desarrollan las <strong>placas vitiliginosas<\/strong> son:<\/p>\n<ul>\n<li>Cara (especialmente alrededor de la boca y p\u00e1rpados).<\/li>\n<li>Palmas de las manos y plantas de los pies.<\/li>\n<li>Pezones y regi\u00f3n de los senos.<\/li>\n<li>Axilas.<\/li>\n<li>Abdomen (sobre todo alrededor del ombligo).<\/li>\n<li>Zona lumbar y regi\u00f3n sacra.<\/li>\n<li>\u00c1rea inguinal y anogenital.<\/li>\n<li>Codos, rodillas y dedos de manos y pies.<\/li>\n<\/ul>\n<p>En algunos casos puede afectarse tambi\u00e9n el cuero cabelludo, las cejas, pesta\u00f1as o el vello corporal, produciendo <strong>canicie localizada<\/strong> (pelos blancos en las zonas afectadas).<\/p>\n<h2>Diagn\u00f3stico del vit\u00edligo<\/h2>\n<p>El diagn\u00f3stico del vit\u00edligo es fundamentalmente <strong>cl\u00ednico<\/strong>, es decir, el dermat\u00f3logo lo realiza mediante la exploraci\u00f3n de la piel. En ocasiones puede utilizar:<\/p>\n<ul>\n<li><strong>L\u00e1mpara de Wood<\/strong>, que resalta las zonas despigmentadas.<\/li>\n<li>Anal\u00edticas para descartar <strong>otras enfermedades asociadas<\/strong> (por ejemplo, tiroides).<\/li>\n<li>Biopsia cut\u00e1nea en casos dudosos, para diferenciarlo de otras causas de manchas blancas.<\/li>\n<\/ul>\n<p>Es importante diferenciar el vit\u00edligo de otras causas de despigmentaci\u00f3n o hipopigmentaci\u00f3n, como la <strong>hipomelanosis guttata idiop\u00e1tica<\/strong> o algunas formas de <strong>dermatitis<\/strong>. Si tienes dudas, evita la automedicaci\u00f3n y consulta siempre con tu dermat\u00f3logo.<\/p>\n<h2>\u00bfC\u00f3mo se trata el vit\u00edligo?<\/h2>\n<p>En la piel afectada por vit\u00edligo se han encontrado <strong>melanocitos residuales<\/strong> situados en estructuras profundas como la ra\u00edz del fol\u00edculo piloso (los llamados \u201cmelanocitos latentes\u201d). El objetivo de los tratamientos es <strong>estimular su actividad<\/strong> y favorecer que migren hacia la superficie, ayudando a repigmentar las \u00e1reas despigmentadas.<\/p>\n<p>El tratamiento del vit\u00edligo es siempre <strong>individualizado<\/strong> y depende de:<\/p>\n<ul>\n<li>La <strong>actividad<\/strong> de la enfermedad (estable o en progresi\u00f3n).<\/li>\n<li>La <strong>localizaci\u00f3n<\/strong> de las lesiones.<\/li>\n<li>La <strong>extensi\u00f3n<\/strong> de las manchas blancas.<\/li>\n<li>La edad del paciente y la presencia de otras enfermedades.<\/li>\n<\/ul>\n<h3>Opciones terap\u00e9uticas habituales (siempre bajo control m\u00e9dico)<\/h3>\n<ul>\n<li><strong>Corticoides t\u00f3picos<\/strong>: en forma de cremas o lociones, utilizados por periodos limitados y bajo supervisi\u00f3n dermatol\u00f3gica.<\/li>\n<li><strong>Inhibidores de la calcineurina t\u00f3picos<\/strong>: \u00fatiles en zonas delicadas como la cara, cuello o pliegues.<\/li>\n<li><strong>Tratamiento sist\u00e9mico<\/strong> (corticoides u otros f\u00e1rmacos inmunomoduladores): reservado para casos seleccionados seg\u00fan criterio m\u00e9dico.<\/li>\n<li><strong>Cremas antioxidantes<\/strong> y f\u00f3rmulas espec\u00edficas que ayudan a combatir el estr\u00e9s oxidativo de la piel.<\/li>\n<li><strong>Fototerapia<\/strong> (UVB de banda estrecha, entre otras modalidades): es considerada el <strong>est\u00e1ndar de oro<\/strong> en muchos casos de vit\u00edligo, siempre en unidades especializadas.<\/li>\n<li><strong>Camuflaje cosm\u00e9tico<\/strong> (maquillajes espec\u00edficos para vit\u00edligo) como apoyo est\u00e9tico y emocional.<\/li>\n<\/ul>\n<p>Ning\u00fan tratamiento es universal ni garantiza la repigmentaci\u00f3n completa, pero un enfoque combinado y constante, guiado siempre por el dermat\u00f3logo, puede <strong>mejorar significativamente el aspecto de la piel y la calidad de vida<\/strong> de la persona.<\/p>\n<h2>Cuidado dermocosm\u00e9tico en el vit\u00edligo: la l\u00ednea Vitises de Sesderma<\/h2>\n<p>Adem\u00e1s del tratamiento m\u00e9dico, el <strong>cuidado diario de la piel<\/strong> es clave para proteger las zonas despigmentadas y optimizar los resultados. En Sesderma, la <a href=\"https:\/\/www.sesderma.com\/es_es\/cuidado-facial\/preocupacion\/vitiligo\/\" target=\"_blank\" rel=\"noopener noreferrer\"><strong>l\u00ednea Vitises<\/strong><\/a> est\u00e1 espec\u00edficamente formulada para el cuidado complementario de las pieles con vit\u00edligo.<\/p>\n<p>En funci\u00f3n de la recomendaci\u00f3n del especialista, la rutina dermocosm\u00e9tica puede incluir:<\/p>\n<ul>\n<li><strong>Limpieza suave<\/strong> con productos respetuosos con la barrera cut\u00e1nea.<\/li>\n<li><strong>Tratamientos t\u00f3picos espec\u00edficos<\/strong> de la gama Vitises, que incorporan activos dirigidos al cuidado de la piel con vit\u00edligo.<\/li>\n<li><strong>Fotoprotecci\u00f3n muy alta<\/strong> en todas las zonas expuestas, a diario, para minimizar el contraste entre piel sana y despigmentada.<\/li>\n<\/ul>\n<p>Si tambi\u00e9n te preocupan otras manchas en la piel, puedes ampliar informaci\u00f3n sobre <a href=\"https:\/\/skinexpert.sesderma.com\/en\/which-anti-blemish-cream-do-dermatologists-recommend\/\" target=\"_blank\" rel=\"noopener noreferrer\">qu\u00e9 crema antimanchas recomiendan los dermat\u00f3logos<\/a> seg\u00fan el tipo de hiperpigmentaci\u00f3n o hipopigmentaci\u00f3n.<\/p>\n<p><img loading=\"lazy\" decoding=\"async\" class=\"aligncenter size-full wp-image-14331\" src=\"https:\/\/skinexpert.sesderma.com\/wp-content\/uploads\/2024\/06\/vitiligio-que-es.png\" alt=\"\" width=\"672\" height=\"672\" srcset=\"https:\/\/skinexpert.sesderma.com\/wp-content\/uploads\/2024\/06\/vitiligio-que-es.png 672w, https:\/\/skinexpert.sesderma.com\/wp-content\/uploads\/2024\/06\/vitiligio-que-es-300x300.png 300w, https:\/\/skinexpert.sesderma.com\/wp-content\/uploads\/2024\/06\/vitiligio-que-es-150x150.png 150w, https:\/\/skinexpert.sesderma.com\/wp-content\/uploads\/2024\/06\/vitiligio-que-es-600x600.png 600w\" sizes=\"auto, (max-width: 672px) 100vw, 672px\" \/><\/p>\n<h2>Vit\u00edligo y estr\u00e9s: \u00bfqu\u00e9 relaci\u00f3n existe?<\/h2>\n<p>Muchas personas refieren que las primeras manchas o la extensi\u00f3n de las existentes han coincidido con periodos de <strong>estr\u00e9s intenso<\/strong>, duelos, cambios laborales o personales importantes. El estr\u00e9s no es la causa \u00fanica del vit\u00edligo, pero puede:<\/p>\n<ul>\n<li>Actuar como <strong>factor desencadenante<\/strong> de los primeros brotes en personas predispuestas.<\/li>\n<li>Favorecer la <strong>progresi\u00f3n<\/strong> de la enfermedad si se mantiene en el tiempo.<\/li>\n<\/ul>\n<p>Por ello, dentro del abordaje integral del vit\u00edligo es recomendable cuidar tambi\u00e9n el bienestar emocional: t\u00e9cnicas de manejo del estr\u00e9s, ejercicio f\u00edsico, descanso adecuado y, cuando sea necesario, apoyo psicol\u00f3gico.<\/p>\n<h2>Otras causas de manchas blancas en la piel que no son vit\u00edligo<\/h2>\n<p>No todas las manchas blancas significan vit\u00edligo. Existen otras entidades que pueden producir <strong>hipopigmentaci\u00f3n<\/strong> o <strong>despigmentaci\u00f3n parcial<\/strong>:<\/p>\n<h3>Dermatitis at\u00f3pica<\/h3>\n<p>La <strong>dermatitis at\u00f3pica<\/strong> es una enfermedad inflamatoria cr\u00f3nica de la piel, no contagiosa, en la que alternan fases de brote y remisi\u00f3n. Se caracteriza por:<\/p>\n<ul>\n<li><strong>Piel muy seca<\/strong> y sensible.<\/li>\n<li><strong>Manchas rojas o eccemas<\/strong> que pican intensamente.<\/li>\n<li>Lesiones que pueden dejar \u00e1reas m\u00e1s claras tras la inflamaci\u00f3n (hipopigmentaci\u00f3n postinflamatoria).<\/li>\n<\/ul>\n<p>Existe una <strong>predisposici\u00f3n gen\u00e9tica<\/strong> (atopia) y una alteraci\u00f3n de la funci\u00f3n barrera de la piel, que la hace m\u00e1s permeable y susceptible a irritantes y al\u00e9rgenos. El tratamiento se basa en cuidados dermocosm\u00e9ticos espec\u00edficos, hidrataci\u00f3n intensiva y, cuando es necesario, <strong>corticoides t\u00f3picos o inmunomoduladores<\/strong> indicados por el dermat\u00f3logo.<\/p>\n<h3>Hipomelanosis guttata idiop\u00e1tica<\/h3>\n<p>La <strong>hipomelanosis guttata idiop\u00e1tica<\/strong> se caracteriza por la aparici\u00f3n de peque\u00f1as <strong>manchas blancas redondeadas<\/strong>, sobre todo en piernas, brazos, hombros, cuello y cara, \u00e1reas muy expuestas al sol. Suelen observarse a partir de los 20-30 a\u00f1os y se relacionan con:<\/p>\n<ul>\n<li><strong>Fotoenvejecimiento<\/strong> de la piel.<\/li>\n<li>Exposici\u00f3n solar cr\u00f3nica.<\/li>\n<li>Predisposici\u00f3n gen\u00e9tica en algunos casos.<\/li>\n<\/ul>\n<p>Las lesiones son benignas y no suponen un riesgo para la salud, pero s\u00ed pueden tener impacto est\u00e9tico. La prevenci\u00f3n se basa en una <strong>buena fotoprotecci\u00f3n<\/strong> y en evitar las exposiciones solares intensas y repetidas.<\/p>\n<h2>Recomendaciones para cuidar y prevenir el empeoramiento de las manchas blancas<\/h2>\n<p>Aunque el vit\u00edligo no siempre se puede prevenir, s\u00ed es posible <strong>proteger la piel<\/strong> y evitar que las lesiones empeoren o que aumente el contraste con la piel sana:<\/p>\n<ul>\n<li>Aplicar <strong>fotoprotecci\u00f3n alta o muy alta<\/strong> (SPF 50+) a diario en todas las zonas expuestas, renov\u00e1ndola con frecuencia.<\/li>\n<li>Evitar las <strong>quemaduras solares<\/strong> y las exposiciones intensas en las horas centrales del d\u00eda.<\/li>\n<li>Utilizar <strong>fotoprotectores faciales espec\u00edficos<\/strong> y, si es necesario, <strong>complementos orales<\/strong> antioxidantes bajo recomendaci\u00f3n m\u00e9dica.<\/li>\n<li>Cuidar la <strong>barrera cut\u00e1nea<\/strong> con limpiadores suaves y cremas hidratantes adaptadas a tu tipo de piel.<\/li>\n<li>Consultar siempre con el <strong>dermat\u00f3logo<\/strong> antes de iniciar cualquier tratamiento despigmentante o procedimiento est\u00e9tico.<\/li>\n<li>Prestar atenci\u00f3n al <strong>bienestar emocional<\/strong> y buscar apoyo si el aspecto de la piel afecta a tu calidad de vida.<\/li>\n<\/ul>\n<h2>\u00bfQu\u00e9 debo hacer si tengo vit\u00edligo?<\/h2>\n<p>Si has notado la aparici\u00f3n de <strong>manchas blancas nuevas<\/strong> o un cambio en el patr\u00f3n de pigmentaci\u00f3n de tu piel, estos ser\u00edan los pasos recomendables:<\/p>\n<ol>\n<li><strong>Pedir cita con un dermat\u00f3logo<\/strong> para confirmar el diagn\u00f3stico y descartar otras patolog\u00edas.<\/li>\n<li>Comentar si existen <strong>antecedentes familiares<\/strong> de vit\u00edligo o enfermedades autoinmunes.<\/li>\n<li>Valorar junto con el especialista las <strong>opciones de tratamiento m\u00e9dico<\/strong> m\u00e1s adecuadas para tu caso.<\/li>\n<li>Establecer una <strong>rutina dermocosm\u00e9tica de apoyo<\/strong> (por ejemplo, con productos de la l\u00ednea Vitises) y una pauta estricta de fotoprotecci\u00f3n.<\/li>\n<li>Realizar un <strong>seguimiento peri\u00f3dico<\/strong> para ajustar el plan seg\u00fan la evoluci\u00f3n.<\/li>\n<\/ol>\n<p>Recuerda que la informaci\u00f3n de este art\u00edculo es orientativa y <strong>no sustituye la valoraci\u00f3n individual<\/strong> por parte de un profesional sanitario.<\/p>\n<hr \/>\n<h2>Preguntas frecuentes sobre el vit\u00edligo<\/h2>\n<div class=\"faq-item\">\n<h3>\u00bfQu\u00e9 es lo que provoca el vit\u00edligo?<\/h3>\n<p>El vit\u00edligo se produce por la <strong>p\u00e9rdida o destrucci\u00f3n de los melanocitos<\/strong>, las c\u00e9lulas que fabrican el pigmento de la piel. En la mayor\u00eda de los casos interviene un mecanismo <strong>autoinmune<\/strong>, sobre el que act\u00faan factores gen\u00e9ticos y desencadenantes como el estr\u00e9s, las quemaduras solares o determinados traumatismos sobre la piel.<\/p>\n<\/div>\n<div class=\"faq-item\">\n<h3>\u00bfQu\u00e9 debo hacer si tengo vit\u00edligo?<\/h3>\n<p>Lo m\u00e1s importante es <strong>consultar al dermat\u00f3logo<\/strong> para confirmar el diagn\u00f3stico y valorar el tratamiento m\u00e1s adecuado (t\u00f3pico, sist\u00e9mico, fototerapia, etc.). Adem\u00e1s, se recomienda aplicar <strong>fotoprotecci\u00f3n alta<\/strong> todos los d\u00edas, seguir una rutina dermocosm\u00e9tica espec\u00edfica \u2014por ejemplo, con productos de la <a href=\"https:\/\/www.sesderma.com\/es_es\/cuidado-facial\/preocupacion\/vitiligo\/\" target=\"_blank\" rel=\"noopener noreferrer\">l\u00ednea Vitises<\/a>\u2014 y cuidar el bienestar emocional.<\/p>\n<\/div>\n<div class=\"faq-item\">\n<h3>\u00bfQu\u00e9 personas son m\u00e1s propensas a tener vit\u00edligo?<\/h3>\n<p>Son m\u00e1s propensas las personas con <strong>antecedentes familiares<\/strong> de vit\u00edligo o de otras enfermedades autoinmunes, as\u00ed como quienes presentan determinadas alteraciones inmunol\u00f3gicas o han sufrido <strong>quemaduras solares intensas<\/strong>. No obstante, puede aparecer en cualquier persona, independientemente del tipo de piel.<\/p>\n<\/div>\n<div class=\"faq-item\">\n<h3>\u00bfQu\u00e9 causa el vit\u00edligo por estr\u00e9s?<\/h3>\n<p>El estr\u00e9s no es la \u00fanica causa del vit\u00edligo, pero puede actuar como <strong>disparador<\/strong> en personas predispuestas, favoreciendo el inicio de las manchas o la extensi\u00f3n de las ya existentes. Se cree que el estr\u00e9s altera el equilibrio del <strong>sistema inmune<\/strong> y aumenta el <strong>estr\u00e9s oxidativo<\/strong>, lo que contribuye al da\u00f1o de los melanocitos.<\/p>\n<\/div>\n<div class=\"faq-item\">\n<h3>\u00bfQu\u00e9 se puede hacer para evitar el vit\u00edligo?<\/h3>\n<p>No existe una forma garantizada de evitar el vit\u00edligo, especialmente cuando existe predisposici\u00f3n gen\u00e9tica. Sin embargo, s\u00ed se pueden tomar medidas para <strong>cuidar la piel y reducir factores de riesgo<\/strong>: protegerse del sol, evitar las quemaduras solares, cuidar la barrera cut\u00e1nea, manejar el estr\u00e9s y acudir al dermat\u00f3logo ante cualquier cambio de pigmentaci\u00f3n para iniciar el tratamiento cuanto antes.<\/p>\n<\/div>\n<p><script type=\"application\/ld+json\">\n{\n  \"@context\": \"https:\/\/schema.org\",\n  \"@type\": \"FAQPage\",\n  \"mainEntity\": [\n    {\n      \"@type\": \"Question\",\n      \"name\": \"\u00bfQu\u00e9 es lo que provoca el vit\u00edligo?\",\n      \"acceptedAnswer\": {\n        \"@type\": \"Answer\",\n        \"text\": \"El vit\u00edligo se produce por la p\u00e9rdida o destrucci\u00f3n de los melanocitos, las c\u00e9lulas que fabrican el pigmento de la piel. En la mayor\u00eda de los casos interviene un mecanismo autoinmune, sobre el que act\u00faan factores gen\u00e9ticos y desencadenantes como el estr\u00e9s, las quemaduras solares o determinados traumatismos sobre la piel.\"\n      }\n    },\n    {\n      \"@type\": \"Question\",\n      \"name\": \"\u00bfQu\u00e9 debo hacer si tengo vit\u00edligo?\",\n      \"acceptedAnswer\": {\n        \"@type\": \"Answer\",\n        \"text\": \"Lo m\u00e1s importante es consultar al dermat\u00f3logo para confirmar el diagn\u00f3stico y valorar el tratamiento m\u00e1s adecuado (t\u00f3pico, sist\u00e9mico, fototerapia, etc.). Adem\u00e1s, se recomienda aplicar fotoprotecci\u00f3n alta todos los d\u00edas, seguir una rutina dermocosm\u00e9tica espec\u00edfica \u2014por ejemplo, con productos de la l\u00ednea Vitises de Sesderma\u2014 y cuidar el bienestar emocional.\"\n      }\n    },\n    {\n      \"@type\": \"Question\",\n      \"name\": \"\u00bfQu\u00e9 personas son m\u00e1s propensas a tener vit\u00edligo?\",\n      \"acceptedAnswer\": {\n        \"@type\": \"Answer\",\n        \"text\": \"Son m\u00e1s propensas las personas con antecedentes familiares de vit\u00edligo o de otras enfermedades autoinmunes, as\u00ed como quienes presentan determinadas alteraciones inmunol\u00f3gicas o han sufrido quemaduras solares intensas. No obstante, el vit\u00edligo puede aparecer en cualquier persona, independientemente del tipo de piel.\"\n      }\n    },\n    {\n      \"@type\": \"Question\",\n      \"name\": \"\u00bfQu\u00e9 causa el vit\u00edligo por estr\u00e9s?\",\n      \"acceptedAnswer\": {\n        \"@type\": \"Answer\",\n        \"text\": \"El estr\u00e9s no es la \u00fanica causa del vit\u00edligo, pero puede actuar como factor desencadenante en personas predispuestas, favoreciendo el inicio de las manchas o la extensi\u00f3n de las ya existentes. El estr\u00e9s altera el equilibrio del sistema inmune y aumenta el estr\u00e9s oxidativo, lo que contribuye al da\u00f1o de los melanocitos.\"\n      }\n    },\n    {\n      \"@type\": \"Question\",\n      \"name\": \"\u00bfQu\u00e9 se puede hacer para evitar el vit\u00edligo?\",\n      \"acceptedAnswer\": {\n        \"@type\": \"Answer\",\n        \"text\": \"No existe una forma garantizada de evitar el vit\u00edligo, especialmente cuando hay predisposici\u00f3n gen\u00e9tica. Sin embargo, se pueden tomar medidas para cuidar la piel y reducir factores de riesgo: protegerse del sol, evitar las quemaduras solares, cuidar la barrera cut\u00e1nea, manejar el estr\u00e9s y acudir al dermat\u00f3logo ante cualquier cambio de pigmentaci\u00f3n para iniciar el tratamiento cuanto antes.\"\n      }\n    }\n  ]\n}\n<\/script><\/p>\n","protected":false},"excerpt":{"rendered":"<p>Las manchas blancas en la piel son un motivo de consulta muy frecuente en dermatolog\u00eda. No siempre significan lo mismo ni tienen la misma causa. En algunos casos se deben a sequedad, eccema o exposiciones solares repetidas, y en otros corresponden a enfermedades de la pigmentaci\u00f3n como el vit\u00edligo. Por eso, ante la aparici\u00f3n de&#8230;<\/p>\n","protected":false},"author":16,"featured_media":12409,"comment_status":"closed","ping_status":"closed","sticky":false,"template":"","format":"standard","meta":{"footnotes":""},"categories":[],"tags":[],"class_list":["post-14334","post","type-post","status-publish","format-standard","has-post-thumbnail","hentry"],"yoast_head":"<!-- This site is optimized with the Yoast SEO plugin v27.5 - https:\/\/yoast.com\/product\/yoast-seo-wordpress\/ -->\n<title>\u00bfQu\u00e9 es el vit\u00edligo y por qu\u00e9 aparecen manchas blancas en la piel? - Skinexpert<\/title>\n<meta name=\"robots\" content=\"index, follow, max-snippet:-1, max-image-preview:large, max-video-preview:-1\" \/>\n<link rel=\"canonical\" href=\"https:\/\/skinexpert.sesderma.com\/en\/que-es-el-vitiligo\/\" \/>\n<meta property=\"og:locale\" content=\"en_US\" \/>\n<meta property=\"og:type\" content=\"article\" \/>\n<meta property=\"og:title\" content=\"\u00bfQu\u00e9 es el vit\u00edligo y por qu\u00e9 aparecen manchas blancas en la piel? - Skinexpert\" \/>\n<meta property=\"og:description\" content=\"Las manchas blancas en la piel son un motivo de consulta muy frecuente en dermatolog\u00eda. No siempre significan lo mismo ni tienen la misma causa. En algunos casos se deben a sequedad, eccema o exposiciones solares repetidas, y en otros corresponden a enfermedades de la pigmentaci\u00f3n como el vit\u00edligo. Por eso, ante la aparici\u00f3n de...\" \/>\n<meta property=\"og:url\" content=\"https:\/\/skinexpert.sesderma.com\/en\/que-es-el-vitiligo\/\" \/>\n<meta property=\"og:site_name\" content=\"Skinexpert\" \/>\n<meta property=\"article:published_time\" content=\"2025-11-16T09:06:39+00:00\" \/>\n<meta property=\"og:image\" content=\"https:\/\/skinexpert.sesderma.com\/wp-content\/uploads\/2024\/06\/vitiligio-significado.png\" \/>\n\t<meta property=\"og:image:width\" content=\"587\" \/>\n\t<meta property=\"og:image:height\" content=\"538\" \/>\n\t<meta property=\"og:image:type\" content=\"image\/png\" \/>\n<meta name=\"author\" content=\"Isabel Mart\u00ed\" \/>\n<meta name=\"twitter:card\" content=\"summary_large_image\" \/>\n<meta name=\"twitter:label1\" content=\"Written by\" \/>\n\t<meta name=\"twitter:data1\" content=\"Isabel Mart\u00ed\" \/>\n\t<meta name=\"twitter:label2\" content=\"Est. reading time\" \/>\n\t<meta name=\"twitter:data2\" content=\"12 minutes\" \/>\n<script type=\"application\/ld+json\" class=\"yoast-schema-graph\">{\"@context\":\"https:\\\/\\\/schema.org\",\"@graph\":[{\"@type\":[\"Article\",\"BlogPosting\"],\"@id\":\"https:\\\/\\\/skinexpert.sesderma.com\\\/en\\\/que-es-el-vitiligo\\\/#article\",\"isPartOf\":{\"@id\":\"https:\\\/\\\/skinexpert.sesderma.com\\\/en\\\/que-es-el-vitiligo\\\/\"},\"author\":{\"name\":\"Isabel Mart\u00ed\",\"@id\":\"https:\\\/\\\/skinexpert.sesderma.com\\\/en\\\/#\\\/schema\\\/person\\\/51b553fe0402ece38236b5b18ef82d34\"},\"headline\":\"\u00bfQu\u00e9 es el vit\u00edligo y por qu\u00e9 aparecen manchas blancas en la piel?\",\"datePublished\":\"2025-11-16T09:06:39+00:00\",\"mainEntityOfPage\":{\"@id\":\"https:\\\/\\\/skinexpert.sesderma.com\\\/en\\\/que-es-el-vitiligo\\\/\"},\"wordCount\":2322,\"publisher\":{\"@id\":\"https:\\\/\\\/skinexpert.sesderma.com\\\/en\\\/#organization\"},\"image\":{\"@id\":\"https:\\\/\\\/skinexpert.sesderma.com\\\/en\\\/que-es-el-vitiligo\\\/#primaryimage\"},\"thumbnailUrl\":\"https:\\\/\\\/skinexpert.sesderma.com\\\/wp-content\\\/uploads\\\/2019\\\/12\\\/vitiligo.jpg\",\"inLanguage\":\"en-US\"},{\"@type\":\"WebPage\",\"@id\":\"https:\\\/\\\/skinexpert.sesderma.com\\\/en\\\/que-es-el-vitiligo\\\/\",\"url\":\"https:\\\/\\\/skinexpert.sesderma.com\\\/en\\\/que-es-el-vitiligo\\\/\",\"name\":\"\u00bfQu\u00e9 es el vit\u00edligo y por qu\u00e9 aparecen manchas blancas en la piel? - Skinexpert\",\"isPartOf\":{\"@id\":\"https:\\\/\\\/skinexpert.sesderma.com\\\/en\\\/#website\"},\"primaryImageOfPage\":{\"@id\":\"https:\\\/\\\/skinexpert.sesderma.com\\\/en\\\/que-es-el-vitiligo\\\/#primaryimage\"},\"image\":{\"@id\":\"https:\\\/\\\/skinexpert.sesderma.com\\\/en\\\/que-es-el-vitiligo\\\/#primaryimage\"},\"thumbnailUrl\":\"https:\\\/\\\/skinexpert.sesderma.com\\\/wp-content\\\/uploads\\\/2019\\\/12\\\/vitiligo.jpg\",\"datePublished\":\"2025-11-16T09:06:39+00:00\",\"breadcrumb\":{\"@id\":\"https:\\\/\\\/skinexpert.sesderma.com\\\/en\\\/que-es-el-vitiligo\\\/#breadcrumb\"},\"inLanguage\":\"en-US\",\"potentialAction\":[{\"@type\":\"ReadAction\",\"target\":[\"https:\\\/\\\/skinexpert.sesderma.com\\\/en\\\/que-es-el-vitiligo\\\/\"]}]},{\"@type\":\"ImageObject\",\"inLanguage\":\"en-US\",\"@id\":\"https:\\\/\\\/skinexpert.sesderma.com\\\/en\\\/que-es-el-vitiligo\\\/#primaryimage\",\"url\":\"https:\\\/\\\/skinexpert.sesderma.com\\\/wp-content\\\/uploads\\\/2019\\\/12\\\/vitiligo.jpg\",\"contentUrl\":\"https:\\\/\\\/skinexpert.sesderma.com\\\/wp-content\\\/uploads\\\/2019\\\/12\\\/vitiligo.jpg\",\"width\":1200,\"height\":800},{\"@type\":\"BreadcrumbList\",\"@id\":\"https:\\\/\\\/skinexpert.sesderma.com\\\/en\\\/que-es-el-vitiligo\\\/#breadcrumb\",\"itemListElement\":[{\"@type\":\"ListItem\",\"position\":1,\"name\":\"Blog Sesderma\",\"item\":\"https:\\\/\\\/skinexpert.sesderma.com\\\/en\\\/\"},{\"@type\":\"ListItem\",\"position\":2,\"name\":\"\u00bfQu\u00e9 es el vit\u00edligo y por qu\u00e9 aparecen manchas blancas en la piel?\"}]},{\"@type\":\"WebSite\",\"@id\":\"https:\\\/\\\/skinexpert.sesderma.com\\\/en\\\/#website\",\"url\":\"https:\\\/\\\/skinexpert.sesderma.com\\\/en\\\/\",\"name\":\"Skinexpert\",\"description\":\"Skinexpert\",\"publisher\":{\"@id\":\"https:\\\/\\\/skinexpert.sesderma.com\\\/en\\\/#organization\"},\"potentialAction\":[{\"@type\":\"SearchAction\",\"target\":{\"@type\":\"EntryPoint\",\"urlTemplate\":\"https:\\\/\\\/skinexpert.sesderma.com\\\/en\\\/?s={search_term_string}\"},\"query-input\":{\"@type\":\"PropertyValueSpecification\",\"valueRequired\":true,\"valueName\":\"search_term_string\"}}],\"inLanguage\":\"en-US\"},{\"@type\":\"Organization\",\"@id\":\"https:\\\/\\\/skinexpert.sesderma.com\\\/en\\\/#organization\",\"name\":\"Sesderma\",\"url\":\"https:\\\/\\\/skinexpert.sesderma.com\\\/en\\\/\",\"logo\":{\"@type\":\"ImageObject\",\"inLanguage\":\"en-US\",\"@id\":\"https:\\\/\\\/skinexpert.sesderma.com\\\/en\\\/#\\\/schema\\\/logo\\\/image\\\/\",\"url\":\"https:\\\/\\\/skinexpert.sesderma.com\\\/wp-content\\\/uploads\\\/2019\\\/08\\\/logo.png\",\"contentUrl\":\"https:\\\/\\\/skinexpert.sesderma.com\\\/wp-content\\\/uploads\\\/2019\\\/08\\\/logo.png\",\"width\":175,\"height\":102,\"caption\":\"Sesderma\"},\"image\":{\"@id\":\"https:\\\/\\\/skinexpert.sesderma.com\\\/en\\\/#\\\/schema\\\/logo\\\/image\\\/\"}},{\"@type\":\"Person\",\"@id\":\"https:\\\/\\\/skinexpert.sesderma.com\\\/en\\\/#\\\/schema\\\/person\\\/51b553fe0402ece38236b5b18ef82d34\",\"name\":\"Isabel Mart\u00ed\",\"image\":{\"@type\":\"ImageObject\",\"inLanguage\":\"en-US\",\"@id\":\"https:\\\/\\\/secure.gravatar.com\\\/avatar\\\/e25c5a28a857e02ddf4fe7bf943255f1110567b0b16cd93defe982b84ea24f5a?s=96&d=mm&r=g\",\"url\":\"https:\\\/\\\/secure.gravatar.com\\\/avatar\\\/e25c5a28a857e02ddf4fe7bf943255f1110567b0b16cd93defe982b84ea24f5a?s=96&d=mm&r=g\",\"contentUrl\":\"https:\\\/\\\/secure.gravatar.com\\\/avatar\\\/e25c5a28a857e02ddf4fe7bf943255f1110567b0b16cd93defe982b84ea24f5a?s=96&d=mm&r=g\",\"caption\":\"Isabel Mart\u00ed\"},\"url\":\"https:\\\/\\\/skinexpert.sesderma.com\\\/en\\\/author\\\/isabel_marti\\\/\"}]}<\/script>\n<!-- \/ Yoast SEO plugin. -->","yoast_head_json":{"title":"\u00bfQu\u00e9 es el vit\u00edligo y por qu\u00e9 aparecen manchas blancas en la piel? - Skinexpert","robots":{"index":"index","follow":"follow","max-snippet":"max-snippet:-1","max-image-preview":"max-image-preview:large","max-video-preview":"max-video-preview:-1"},"canonical":"https:\/\/skinexpert.sesderma.com\/en\/que-es-el-vitiligo\/","og_locale":"en_US","og_type":"article","og_title":"\u00bfQu\u00e9 es el vit\u00edligo y por qu\u00e9 aparecen manchas blancas en la piel? - Skinexpert","og_description":"Las manchas blancas en la piel son un motivo de consulta muy frecuente en dermatolog\u00eda. No siempre significan lo mismo ni tienen la misma causa. En algunos casos se deben a sequedad, eccema o exposiciones solares repetidas, y en otros corresponden a enfermedades de la pigmentaci\u00f3n como el vit\u00edligo. Por eso, ante la aparici\u00f3n de...","og_url":"https:\/\/skinexpert.sesderma.com\/en\/que-es-el-vitiligo\/","og_site_name":"Skinexpert","article_published_time":"2025-11-16T09:06:39+00:00","og_image":[{"width":587,"height":538,"url":"https:\/\/skinexpert.sesderma.com\/wp-content\/uploads\/2024\/06\/vitiligio-significado.png","type":"image\/png"}],"author":"Isabel Mart\u00ed","twitter_card":"summary_large_image","twitter_misc":{"Written by":"Isabel Mart\u00ed","Est. reading time":"12 minutes"},"schema":{"@context":"https:\/\/schema.org","@graph":[{"@type":["Article","BlogPosting"],"@id":"https:\/\/skinexpert.sesderma.com\/en\/que-es-el-vitiligo\/#article","isPartOf":{"@id":"https:\/\/skinexpert.sesderma.com\/en\/que-es-el-vitiligo\/"},"author":{"name":"Isabel Mart\u00ed","@id":"https:\/\/skinexpert.sesderma.com\/en\/#\/schema\/person\/51b553fe0402ece38236b5b18ef82d34"},"headline":"\u00bfQu\u00e9 es el vit\u00edligo y por qu\u00e9 aparecen manchas blancas en la piel?","datePublished":"2025-11-16T09:06:39+00:00","mainEntityOfPage":{"@id":"https:\/\/skinexpert.sesderma.com\/en\/que-es-el-vitiligo\/"},"wordCount":2322,"publisher":{"@id":"https:\/\/skinexpert.sesderma.com\/en\/#organization"},"image":{"@id":"https:\/\/skinexpert.sesderma.com\/en\/que-es-el-vitiligo\/#primaryimage"},"thumbnailUrl":"https:\/\/skinexpert.sesderma.com\/wp-content\/uploads\/2019\/12\/vitiligo.jpg","inLanguage":"en-US"},{"@type":"WebPage","@id":"https:\/\/skinexpert.sesderma.com\/en\/que-es-el-vitiligo\/","url":"https:\/\/skinexpert.sesderma.com\/en\/que-es-el-vitiligo\/","name":"\u00bfQu\u00e9 es el vit\u00edligo y por qu\u00e9 aparecen manchas blancas en la piel? - Skinexpert","isPartOf":{"@id":"https:\/\/skinexpert.sesderma.com\/en\/#website"},"primaryImageOfPage":{"@id":"https:\/\/skinexpert.sesderma.com\/en\/que-es-el-vitiligo\/#primaryimage"},"image":{"@id":"https:\/\/skinexpert.sesderma.com\/en\/que-es-el-vitiligo\/#primaryimage"},"thumbnailUrl":"https:\/\/skinexpert.sesderma.com\/wp-content\/uploads\/2019\/12\/vitiligo.jpg","datePublished":"2025-11-16T09:06:39+00:00","breadcrumb":{"@id":"https:\/\/skinexpert.sesderma.com\/en\/que-es-el-vitiligo\/#breadcrumb"},"inLanguage":"en-US","potentialAction":[{"@type":"ReadAction","target":["https:\/\/skinexpert.sesderma.com\/en\/que-es-el-vitiligo\/"]}]},{"@type":"ImageObject","inLanguage":"en-US","@id":"https:\/\/skinexpert.sesderma.com\/en\/que-es-el-vitiligo\/#primaryimage","url":"https:\/\/skinexpert.sesderma.com\/wp-content\/uploads\/2019\/12\/vitiligo.jpg","contentUrl":"https:\/\/skinexpert.sesderma.com\/wp-content\/uploads\/2019\/12\/vitiligo.jpg","width":1200,"height":800},{"@type":"BreadcrumbList","@id":"https:\/\/skinexpert.sesderma.com\/en\/que-es-el-vitiligo\/#breadcrumb","itemListElement":[{"@type":"ListItem","position":1,"name":"Blog Sesderma","item":"https:\/\/skinexpert.sesderma.com\/en\/"},{"@type":"ListItem","position":2,"name":"\u00bfQu\u00e9 es el vit\u00edligo y por qu\u00e9 aparecen manchas blancas en la piel?"}]},{"@type":"WebSite","@id":"https:\/\/skinexpert.sesderma.com\/en\/#website","url":"https:\/\/skinexpert.sesderma.com\/en\/","name":"Skinexpert","description":"Skinexpert","publisher":{"@id":"https:\/\/skinexpert.sesderma.com\/en\/#organization"},"potentialAction":[{"@type":"SearchAction","target":{"@type":"EntryPoint","urlTemplate":"https:\/\/skinexpert.sesderma.com\/en\/?s={search_term_string}"},"query-input":{"@type":"PropertyValueSpecification","valueRequired":true,"valueName":"search_term_string"}}],"inLanguage":"en-US"},{"@type":"Organization","@id":"https:\/\/skinexpert.sesderma.com\/en\/#organization","name":"Sesderma","url":"https:\/\/skinexpert.sesderma.com\/en\/","logo":{"@type":"ImageObject","inLanguage":"en-US","@id":"https:\/\/skinexpert.sesderma.com\/en\/#\/schema\/logo\/image\/","url":"https:\/\/skinexpert.sesderma.com\/wp-content\/uploads\/2019\/08\/logo.png","contentUrl":"https:\/\/skinexpert.sesderma.com\/wp-content\/uploads\/2019\/08\/logo.png","width":175,"height":102,"caption":"Sesderma"},"image":{"@id":"https:\/\/skinexpert.sesderma.com\/en\/#\/schema\/logo\/image\/"}},{"@type":"Person","@id":"https:\/\/skinexpert.sesderma.com\/en\/#\/schema\/person\/51b553fe0402ece38236b5b18ef82d34","name":"Isabel Mart\u00ed","image":{"@type":"ImageObject","inLanguage":"en-US","@id":"https:\/\/secure.gravatar.com\/avatar\/e25c5a28a857e02ddf4fe7bf943255f1110567b0b16cd93defe982b84ea24f5a?s=96&d=mm&r=g","url":"https:\/\/secure.gravatar.com\/avatar\/e25c5a28a857e02ddf4fe7bf943255f1110567b0b16cd93defe982b84ea24f5a?s=96&d=mm&r=g","contentUrl":"https:\/\/secure.gravatar.com\/avatar\/e25c5a28a857e02ddf4fe7bf943255f1110567b0b16cd93defe982b84ea24f5a?s=96&d=mm&r=g","caption":"Isabel Mart\u00ed"},"url":"https:\/\/skinexpert.sesderma.com\/en\/author\/isabel_marti\/"}]}},"_links":{"self":[{"href":"https:\/\/skinexpert.sesderma.com\/en\/wp-json\/wp\/v2\/posts\/14334","targetHints":{"allow":["GET"]}}],"collection":[{"href":"https:\/\/skinexpert.sesderma.com\/en\/wp-json\/wp\/v2\/posts"}],"about":[{"href":"https:\/\/skinexpert.sesderma.com\/en\/wp-json\/wp\/v2\/types\/post"}],"author":[{"embeddable":true,"href":"https:\/\/skinexpert.sesderma.com\/en\/wp-json\/wp\/v2\/users\/16"}],"replies":[{"embeddable":true,"href":"https:\/\/skinexpert.sesderma.com\/en\/wp-json\/wp\/v2\/comments?post=14334"}],"version-history":[{"count":0,"href":"https:\/\/skinexpert.sesderma.com\/en\/wp-json\/wp\/v2\/posts\/14334\/revisions"}],"wp:featuredmedia":[{"embeddable":true,"href":"https:\/\/skinexpert.sesderma.com\/en\/wp-json\/wp\/v2\/media\/12409"}],"wp:attachment":[{"href":"https:\/\/skinexpert.sesderma.com\/en\/wp-json\/wp\/v2\/media?parent=14334"}],"wp:term":[{"taxonomy":"category","embeddable":true,"href":"https:\/\/skinexpert.sesderma.com\/en\/wp-json\/wp\/v2\/categories?post=14334"},{"taxonomy":"post_tag","embeddable":true,"href":"https:\/\/skinexpert.sesderma.com\/en\/wp-json\/wp\/v2\/tags?post=14334"}],"curies":[{"name":"wp","href":"https:\/\/api.w.org\/{rel}","templated":true}]}}