{"id":14221,"date":"2025-10-30T08:03:52","date_gmt":"2025-10-30T08:03:52","guid":{"rendered":"https:\/\/skinexpert.sesderma.com\/crema-para-estrias-como-reducirlas-2\/"},"modified":"2025-10-30T08:03:52","modified_gmt":"2025-10-30T08:03:52","slug":"crema-para-estrias-como-reducirlas-2","status":"publish","type":"post","link":"https:\/\/skinexpert.sesderma.com\/en\/crema-para-estrias-como-reducirlas-2\/","title":{"rendered":"Crema para estr\u00edas: c\u00f3mo reducirlas y prevenir su aparici\u00f3n en 2025"},"content":{"rendered":"<p>Las <strong>estr\u00edas<\/strong> siguen siendo una de las principales preocupaciones est\u00e9ticas tanto en mujeres como en hombres. Aunque no suponen un problema m\u00e9dico, s\u00ed afectan a la autoestima y a la apariencia de la piel. En este art\u00edculo te explicamos qu\u00e9 las causa, c\u00f3mo tratarlas seg\u00fan su fase y qu\u00e9 debe tener una <strong>crema para estr\u00edas eficaz<\/strong> en 2025.<\/p>\n<h2>\u00bfQu\u00e9 son las estr\u00edas y por qu\u00e9 aparecen?<\/h2>\n<p>Las estr\u00edas se producen por la <strong>rotura de las fibras de col\u00e1geno y elastina<\/strong> en la dermis, lo que genera una cicatriz interna visible en la superficie cut\u00e1nea. Al principio suelen ser <em>rosadas o viol\u00e1ceas<\/em>, lo que indica vascularizaci\u00f3n activa, pero con el tiempo se vuelven <em>blancas o nacaradas<\/em>, se\u00f1al de que el tejido cicatricial ya est\u00e1 formado.<\/p>\n<p>Las causas m\u00e1s comunes son los cambios bruscos de volumen corporal \u2014como durante el embarazo, la adolescencia o el aumento de masa muscular\u2014, as\u00ed como factores hormonales y el uso prolongado de corticoides.<\/p>\n<ul>\n<li><strong>Factores mec\u00e1nicos:<\/strong> la piel se distiende por el aumento del tejido graso, muscular o conjuntivo, como ocurre en el embarazo, la obesidad o el culturismo.<\/li>\n<li><strong>Factores bioqu\u00edmicos:<\/strong> las <em>hormonas esteroideas<\/em> reducen la capacidad de los fibroblastos para generar col\u00e1geno y elastina, favoreciendo la aparici\u00f3n de estr\u00edas. Tambi\u00e9n se asocia al uso de <em>esteroides anabolizantes<\/em>.<\/li>\n<\/ul>\n<h2>\u00bfQu\u00e9 debe tener una buena crema para estr\u00edas?<\/h2>\n<p>Las cremas por s\u00ed solas no eliminan completamente las estr\u00edas, pero pueden <strong>mejorar su textura, color y profundidad<\/strong> si se aplican de forma constante y se combinan con tratamientos complementarios (como l\u00e1ser fraccionado, radiofrecuencia o microneedling).<\/p>\n<p>La eficacia depender\u00e1 del tipo y antig\u00fcedad de la estr\u00eda. Las <strong>estr\u00edas recientes (rosadas o rojas)<\/strong> responden mejor al tratamiento cosm\u00e9tico que las <strong>blancas o nacaradas<\/strong>, ya que a\u00fan existe vascularizaci\u00f3n.<\/p>\n<h2>Activos m\u00e1s eficaces en 2025 para tratar las estr\u00edas<\/h2>\n<ul>\n<li><strong>\u00c1cido glic\u00f3lico:<\/strong> estimula la renovaci\u00f3n celular y la s\u00edntesis de col\u00e1geno. En concentraciones bajas puede usarse a diario; en concentraciones altas, bajo supervisi\u00f3n profesional.<\/li>\n<li><strong>Retinoides (retinol y \u00e1cido retinoico):<\/strong> aumentan la producci\u00f3n de col\u00e1geno y mejoran la elasticidad. No deben usarse durante el embarazo ni la lactancia.<\/li>\n<li><strong>Centella asi\u00e1tica:<\/strong> planta cicatrizante que estimula la regeneraci\u00f3n de fibras d\u00e9rmicas y mejora la elasticidad cut\u00e1nea.<\/li>\n<li><strong>Vitamina C:<\/strong> potente antioxidante que favorece la producci\u00f3n de col\u00e1geno y mejora la luminosidad de la piel.<\/li>\n<li><strong>Silicio org\u00e1nico:<\/strong> refuerza la estructura d\u00e9rmica y mejora la firmeza de la piel.<\/li>\n<li><strong>Niacinamida y p\u00e9ptidos biomim\u00e9ticos:<\/strong> ingredientes cada vez m\u00e1s usados en 2024\u20132025 por su capacidad de regenerar la barrera cut\u00e1nea y mejorar la uniformidad del tono.<\/li>\n<\/ul>\n<p><img decoding=\"async\" title=\"Crema para estr\u00edas: c\u00f3mo aplicarla correctamente\" src=\"https:\/\/skinexpert.sesderma.com\/wp-content\/uploads\/magpleasure\/mpblog\/upload\/7\/4\/743aef46138a1f9b804124c4a69719af.jpg\" alt=\"Aplicaci\u00f3n de crema para estr\u00edas en abdomen\" \/><\/p>\n<h2>C\u00f3mo reducir las estr\u00edas seg\u00fan su fase<\/h2>\n<p>Antes de elegir una crema, es esencial identificar el <strong>tipo y fase<\/strong> de las estr\u00edas:<\/p>\n<ul>\n<li><strong>Fase vascularizada (rosadas o rojas):<\/strong> a\u00fan existe riego sangu\u00edneo. Se recomiendan productos que activen la regeneraci\u00f3n y estimulen la s\u00edntesis de col\u00e1geno, elastina y \u00e1cido hialur\u00f3nico.<\/li>\n<li><strong>Fase cicatricial (blancas o nacaradas):<\/strong> el tejido ya est\u00e1 fibrosado y requiere activos que mejoren la oxigenaci\u00f3n, hidrataci\u00f3n y textura, como aceites bioactivos, retinoides y exfoliantes qu\u00edmicos.<\/li>\n<\/ul>\n<p>Si se prev\u00e9 un embarazo, una etapa de crecimiento o un aumento de peso, conviene aplicar <strong>tratamientos preventivos<\/strong> con ingredientes que mantengan la elasticidad cut\u00e1nea, especialmente con extracto de centella asi\u00e1tica. Diversos estudios recientes (2022\u20132024) han confirmado su eficacia en la prevenci\u00f3n de estr\u00edas durante la gestaci\u00f3n.<\/p>\n<h2>Crema para estr\u00edas blancas<\/h2>\n<p>Las <strong>estr\u00edas blancas<\/strong> o nacaradas son m\u00e1s resistentes, pero no imposibles de mejorar. El uso de productos regenerantes y exfoliantes, como <em>Estryses Serum Forte<\/em> de Sesderma, puede ayudar a reducir su apariencia al promover la renovaci\u00f3n del tejido cicatricial y mejorar la uniformidad de la piel. Si te interesa conocer m\u00e1s sobre el cuidado de la piel con marcas o manchas, puedes leer tambi\u00e9n <a href=\"https:\/\/skinexpert.sesderma.com\/en\/how-to-remove-red-acne-spots-and-marks\/\" target=\"_blank\" rel=\"noopener noreferrer\">c\u00f3mo quitar las manchas del acn\u00e9 y sus marcas<\/a>.<\/p>\n<h2>Crema para estr\u00edas rojas<\/h2>\n<p>Las <strong>estr\u00edas rojas<\/strong> son m\u00e1s recientes y, por tanto, m\u00e1s tratables. Productos como <em>Estryses Crema Antiestr\u00edas<\/em> y <em>Estryses Loci\u00f3n Antiestr\u00edas<\/em> contienen centella asi\u00e1tica y silicio org\u00e1nico, que fortalecen la dermis y estimulan la producci\u00f3n de col\u00e1geno y elastina.<\/p>\n<h2>Protocolos antiestr\u00edas recomendados<\/h2>\n<p>Dependiendo del estado de las estr\u00edas, se puede seguir un protocolo distinto:<\/p>\n<ul>\n<li><strong>Prevenci\u00f3n:<\/strong> exfoliaci\u00f3n suave semanal (aprende <a href=\"https:\/\/skinexpert.sesderma.com\/en\/how-to-exfoliate-your-legs-step-by-step\/\" target=\"_blank\" rel=\"noopener noreferrer\">c\u00f3mo exfoliar las piernas paso a paso<\/a>) + <em>Estryses Loci\u00f3n Antiestr\u00edas<\/em> + hidrataci\u00f3n diaria con crema rica en \u00e1cido hialur\u00f3nico o centella.<\/li>\n<li><strong>Fase vascularizada:<\/strong> exfoliaci\u00f3n con <em>Abradermol<\/em> + <em>Estryses Loci\u00f3n Antiestr\u00edas<\/em> + <em>Silorgses Mist<\/em> (con silicio org\u00e1nico liposomado).<\/li>\n<li><strong>Fase cicatricial:<\/strong> exfoliaci\u00f3n + <em>Estryses Serum Antiestr\u00edas<\/em> con retinol y p\u00e9ptidos reparadores, finalizando con aceites oxigenantes o cremas ricas en vitamina E.<\/li>\n<\/ul>\n<h2>Consejos finales para prevenir y tratar las estr\u00edas<\/h2>\n<ul>\n<li>Hidrata la piel a diario, especialmente tras la ducha.<\/li>\n<li>Evita los cambios bruscos de peso.<\/li>\n<li>Incorpora alimentos ricos en <strong>vitamina C, E, zinc y silicio<\/strong>.<\/li>\n<li>Practica ejercicio regularmente para mantener la elasticidad cut\u00e1nea.<\/li>\n<li>Si las estr\u00edas son profundas, consulta con un dermat\u00f3logo sobre opciones m\u00e9dicas (l\u00e1ser, radiofrecuencia o \u00e1cido retinoico controlado).<\/li>\n<\/ul>\n<p>Hoy en d\u00eda, el tratamiento de las estr\u00edas combina cosm\u00e9tica avanzada con aparatolog\u00eda m\u00e9dica. Con constancia y una rutina adecuada, es posible <strong>mejorar notablemente su apariencia<\/strong> y prevenir la formaci\u00f3n de nuevas. La clave est\u00e1 en actuar a tiempo y elegir productos con activos respaldados por evidencia cient\u00edfica reciente.<\/p>\n<p>Y si te interesa profundizar en tratamientos dermatol\u00f3gicos innovadores, descubre m\u00e1s sobre la genocosm\u00e9tica, la revoluci\u00f3n antiedad.<\/p>\n<h2>L\u00ednea Estryses de Sesderma: tratamiento profesional para las estr\u00edas<\/h2>\n<p>En <strong>Sesderma<\/strong> contamos con la <a href=\"https:\/\/www.sesderma.com\/es_es\/cuidado-corporal\/coleccion\/estryses\/\" target=\"_blank\" rel=\"noopener noreferrer\">l\u00ednea Estryses<\/a>, desarrollada espec\u00edficamente para prevenir y tratar las estr\u00edas en todas sus fases. Esta colecci\u00f3n combina <strong>centella asi\u00e1tica, silicio org\u00e1nico, \u00e1cido glic\u00f3lico y retinoides encapsulados en liposomas<\/strong> para maximizar la penetraci\u00f3n y eficacia de los activos.<\/p>\n<p>La l\u00ednea <em>Estryses<\/em> incluye f\u00f3rmulas en crema, loci\u00f3n y s\u00e9rum que ayudan a regenerar el tejido da\u00f1ado, mejorar la elasticidad y reducir la apariencia visible de las estr\u00edas tanto recientes como antiguas. Su uso continuado proporciona una piel m\u00e1s firme, uniforme y nutrida.<\/p>\n<p><a href=\"https:\/\/www.sesderma.com\/es_es\/cuidado-corporal\/coleccion\/estryses\/\" target=\"_blank\" rel=\"noopener\"><img loading=\"lazy\" decoding=\"async\" class=\"aligncenter wp-image-14218 size-large\" src=\"https:\/\/skinexpert.sesderma.com\/wp-content\/uploads\/2017\/12\/Captura-de-pantalla-2025-10-31-081127-1024x367.png\" alt=\"\" width=\"1024\" height=\"367\" srcset=\"https:\/\/skinexpert.sesderma.com\/wp-content\/uploads\/2017\/12\/Captura-de-pantalla-2025-10-31-081127-1024x367.png 1024w, https:\/\/skinexpert.sesderma.com\/wp-content\/uploads\/2017\/12\/Captura-de-pantalla-2025-10-31-081127-300x108.png 300w, https:\/\/skinexpert.sesderma.com\/wp-content\/uploads\/2017\/12\/Captura-de-pantalla-2025-10-31-081127.png 1152w\" sizes=\"auto, (max-width: 1024px) 100vw, 1024px\" \/><\/a><\/p>\n<p>Descubre todos nuestros productos espec\u00edficos para el <a href=\"https:\/\/www.sesderma.com\/es_es\/cuidado-corporal\/preocupacion\/estrias\/\" target=\"_blank\" rel=\"noopener noreferrer\">cuidado corporal de las estr\u00edas<\/a> y elige el tratamiento que mejor se adapte a tus necesidades. La constancia y la innovaci\u00f3n dermatol\u00f3gica de Sesderma son la clave para devolverle a tu piel su equilibrio natural.<\/p>\n<p>Y si te interesa profundizar en tratamientos dermatol\u00f3gicos innovadores, descubre m\u00e1s sobre la genocosm\u00e9tica, la revoluci\u00f3n antiedad.<\/p>\n","protected":false},"excerpt":{"rendered":"<p>Las estr\u00edas siguen siendo una de las principales preocupaciones est\u00e9ticas tanto en mujeres como en hombres. Aunque no suponen un problema m\u00e9dico, s\u00ed afectan a la autoestima y a la apariencia de la piel. En este art\u00edculo te explicamos qu\u00e9 las causa, c\u00f3mo tratarlas seg\u00fan su fase y qu\u00e9 debe tener una crema para estr\u00edas&#8230;<\/p>\n","protected":false},"author":8,"featured_media":12161,"comment_status":"open","ping_status":"closed","sticky":false,"template":"","format":"standard","meta":{"footnotes":""},"categories":[],"tags":[],"class_list":["post-14221","post","type-post","status-publish","format-standard","has-post-thumbnail","hentry"],"yoast_head":"<!-- This site is optimized with the Yoast SEO plugin v27.5 - https:\/\/yoast.com\/product\/yoast-seo-wordpress\/ -->\n<title>Crema para estr\u00edas: c\u00f3mo reducirlas y prevenir su aparici\u00f3n en 2025 - Skinexpert<\/title>\n<meta name=\"robots\" content=\"index, follow, max-snippet:-1, max-image-preview:large, max-video-preview:-1\" \/>\n<link rel=\"canonical\" href=\"https:\/\/skinexpert.sesderma.com\/en\/crema-para-estrias-como-reducirlas-2\/\" \/>\n<meta property=\"og:locale\" content=\"en_US\" \/>\n<meta property=\"og:type\" content=\"article\" \/>\n<meta property=\"og:title\" content=\"Crema para estr\u00edas: c\u00f3mo reducirlas y prevenir su aparici\u00f3n en 2025 - Skinexpert\" \/>\n<meta property=\"og:description\" content=\"Las estr\u00edas siguen siendo una de las principales preocupaciones est\u00e9ticas tanto en mujeres como en hombres. Aunque no suponen un problema m\u00e9dico, s\u00ed afectan a la autoestima y a la apariencia de la piel. En este art\u00edculo te explicamos qu\u00e9 las causa, c\u00f3mo tratarlas seg\u00fan su fase y qu\u00e9 debe tener una crema para estr\u00edas...\" \/>\n<meta property=\"og:url\" content=\"https:\/\/skinexpert.sesderma.com\/en\/crema-para-estrias-como-reducirlas-2\/\" \/>\n<meta property=\"og:site_name\" content=\"Skinexpert\" \/>\n<meta property=\"article:published_time\" content=\"2025-10-30T08:03:52+00:00\" \/>\n<meta property=\"og:image\" content=\"https:\/\/skinexpert.sesderma.com\/wp-content\/uploads\/magpleasure\/mpblog\/upload\/7\/4\/743aef46138a1f9b804124c4a69719af.jpg\" \/>\n<meta name=\"author\" content=\"Rafaella Silva\" \/>\n<meta name=\"twitter:card\" content=\"summary_large_image\" \/>\n<meta name=\"twitter:label1\" content=\"Written by\" \/>\n\t<meta name=\"twitter:data1\" content=\"Rafaella Silva\" \/>\n\t<meta name=\"twitter:label2\" content=\"Est. reading time\" \/>\n\t<meta name=\"twitter:data2\" content=\"6 minutes\" \/>\n<script type=\"application\/ld+json\" class=\"yoast-schema-graph\">{\"@context\":\"https:\\\/\\\/schema.org\",\"@graph\":[{\"@type\":[\"Article\",\"BlogPosting\"],\"@id\":\"https:\\\/\\\/skinexpert.sesderma.com\\\/en\\\/crema-para-estrias-como-reducirlas-2\\\/#article\",\"isPartOf\":{\"@id\":\"https:\\\/\\\/skinexpert.sesderma.com\\\/en\\\/crema-para-estrias-como-reducirlas-2\\\/\"},\"author\":{\"name\":\"Rafaella Silva\",\"@id\":\"https:\\\/\\\/skinexpert.sesderma.com\\\/en\\\/#\\\/schema\\\/person\\\/3138c79f4d71dc74907855753ea129e7\"},\"headline\":\"Crema para estr\u00edas: c\u00f3mo reducirlas y prevenir su aparici\u00f3n en 2025\",\"datePublished\":\"2025-10-30T08:03:52+00:00\",\"mainEntityOfPage\":{\"@id\":\"https:\\\/\\\/skinexpert.sesderma.com\\\/en\\\/crema-para-estrias-como-reducirlas-2\\\/\"},\"wordCount\":1161,\"commentCount\":0,\"publisher\":{\"@id\":\"https:\\\/\\\/skinexpert.sesderma.com\\\/en\\\/#organization\"},\"image\":{\"@id\":\"https:\\\/\\\/skinexpert.sesderma.com\\\/en\\\/crema-para-estrias-como-reducirlas-2\\\/#primaryimage\"},\"thumbnailUrl\":\"https:\\\/\\\/skinexpert.sesderma.com\\\/wp-content\\\/uploads\\\/2019\\\/09\\\/3ac9e7fc262fdedb42da6298435aa10a.jpg\",\"inLanguage\":\"en-US\",\"potentialAction\":[{\"@type\":\"CommentAction\",\"name\":\"Comment\",\"target\":[\"https:\\\/\\\/skinexpert.sesderma.com\\\/en\\\/crema-para-estrias-como-reducirlas-2\\\/#respond\"]}]},{\"@type\":\"WebPage\",\"@id\":\"https:\\\/\\\/skinexpert.sesderma.com\\\/en\\\/crema-para-estrias-como-reducirlas-2\\\/\",\"url\":\"https:\\\/\\\/skinexpert.sesderma.com\\\/en\\\/crema-para-estrias-como-reducirlas-2\\\/\",\"name\":\"Crema para estr\u00edas: c\u00f3mo reducirlas y prevenir su aparici\u00f3n en 2025 - Skinexpert\",\"isPartOf\":{\"@id\":\"https:\\\/\\\/skinexpert.sesderma.com\\\/en\\\/#website\"},\"primaryImageOfPage\":{\"@id\":\"https:\\\/\\\/skinexpert.sesderma.com\\\/en\\\/crema-para-estrias-como-reducirlas-2\\\/#primaryimage\"},\"image\":{\"@id\":\"https:\\\/\\\/skinexpert.sesderma.com\\\/en\\\/crema-para-estrias-como-reducirlas-2\\\/#primaryimage\"},\"thumbnailUrl\":\"https:\\\/\\\/skinexpert.sesderma.com\\\/wp-content\\\/uploads\\\/2019\\\/09\\\/3ac9e7fc262fdedb42da6298435aa10a.jpg\",\"datePublished\":\"2025-10-30T08:03:52+00:00\",\"breadcrumb\":{\"@id\":\"https:\\\/\\\/skinexpert.sesderma.com\\\/en\\\/crema-para-estrias-como-reducirlas-2\\\/#breadcrumb\"},\"inLanguage\":\"en-US\",\"potentialAction\":[{\"@type\":\"ReadAction\",\"target\":[\"https:\\\/\\\/skinexpert.sesderma.com\\\/en\\\/crema-para-estrias-como-reducirlas-2\\\/\"]}]},{\"@type\":\"ImageObject\",\"inLanguage\":\"en-US\",\"@id\":\"https:\\\/\\\/skinexpert.sesderma.com\\\/en\\\/crema-para-estrias-como-reducirlas-2\\\/#primaryimage\",\"url\":\"https:\\\/\\\/skinexpert.sesderma.com\\\/wp-content\\\/uploads\\\/2019\\\/09\\\/3ac9e7fc262fdedb42da6298435aa10a.jpg\",\"contentUrl\":\"https:\\\/\\\/skinexpert.sesderma.com\\\/wp-content\\\/uploads\\\/2019\\\/09\\\/3ac9e7fc262fdedb42da6298435aa10a.jpg\",\"width\":1080,\"height\":720},{\"@type\":\"BreadcrumbList\",\"@id\":\"https:\\\/\\\/skinexpert.sesderma.com\\\/en\\\/crema-para-estrias-como-reducirlas-2\\\/#breadcrumb\",\"itemListElement\":[{\"@type\":\"ListItem\",\"position\":1,\"name\":\"Blog Sesderma\",\"item\":\"https:\\\/\\\/skinexpert.sesderma.com\\\/en\\\/\"},{\"@type\":\"ListItem\",\"position\":2,\"name\":\"Crema para estr\u00edas: c\u00f3mo reducirlas y prevenir su aparici\u00f3n en 2025\"}]},{\"@type\":\"WebSite\",\"@id\":\"https:\\\/\\\/skinexpert.sesderma.com\\\/en\\\/#website\",\"url\":\"https:\\\/\\\/skinexpert.sesderma.com\\\/en\\\/\",\"name\":\"Skinexpert\",\"description\":\"Skinexpert\",\"publisher\":{\"@id\":\"https:\\\/\\\/skinexpert.sesderma.com\\\/en\\\/#organization\"},\"potentialAction\":[{\"@type\":\"SearchAction\",\"target\":{\"@type\":\"EntryPoint\",\"urlTemplate\":\"https:\\\/\\\/skinexpert.sesderma.com\\\/en\\\/?s={search_term_string}\"},\"query-input\":{\"@type\":\"PropertyValueSpecification\",\"valueRequired\":true,\"valueName\":\"search_term_string\"}}],\"inLanguage\":\"en-US\"},{\"@type\":\"Organization\",\"@id\":\"https:\\\/\\\/skinexpert.sesderma.com\\\/en\\\/#organization\",\"name\":\"Sesderma\",\"url\":\"https:\\\/\\\/skinexpert.sesderma.com\\\/en\\\/\",\"logo\":{\"@type\":\"ImageObject\",\"inLanguage\":\"en-US\",\"@id\":\"https:\\\/\\\/skinexpert.sesderma.com\\\/en\\\/#\\\/schema\\\/logo\\\/image\\\/\",\"url\":\"https:\\\/\\\/skinexpert.sesderma.com\\\/wp-content\\\/uploads\\\/2019\\\/08\\\/logo.png\",\"contentUrl\":\"https:\\\/\\\/skinexpert.sesderma.com\\\/wp-content\\\/uploads\\\/2019\\\/08\\\/logo.png\",\"width\":175,\"height\":102,\"caption\":\"Sesderma\"},\"image\":{\"@id\":\"https:\\\/\\\/skinexpert.sesderma.com\\\/en\\\/#\\\/schema\\\/logo\\\/image\\\/\"}},{\"@type\":\"Person\",\"@id\":\"https:\\\/\\\/skinexpert.sesderma.com\\\/en\\\/#\\\/schema\\\/person\\\/3138c79f4d71dc74907855753ea129e7\",\"name\":\"Rafaella Silva\",\"image\":{\"@type\":\"ImageObject\",\"inLanguage\":\"en-US\",\"@id\":\"https:\\\/\\\/secure.gravatar.com\\\/avatar\\\/6eaa9324d9a03ee1295446894f25ad4809f779363e421e645588bf24a64e6adb?s=96&d=mm&r=g\",\"url\":\"https:\\\/\\\/secure.gravatar.com\\\/avatar\\\/6eaa9324d9a03ee1295446894f25ad4809f779363e421e645588bf24a64e6adb?s=96&d=mm&r=g\",\"contentUrl\":\"https:\\\/\\\/secure.gravatar.com\\\/avatar\\\/6eaa9324d9a03ee1295446894f25ad4809f779363e421e645588bf24a64e6adb?s=96&d=mm&r=g\",\"caption\":\"Rafaella Silva\"},\"url\":\"https:\\\/\\\/skinexpert.sesderma.com\\\/en\\\/author\\\/rafaella_silva\\\/\"}]}<\/script>\n<!-- \/ Yoast SEO plugin. -->","yoast_head_json":{"title":"Crema para estr\u00edas: c\u00f3mo reducirlas y prevenir su aparici\u00f3n en 2025 - Skinexpert","robots":{"index":"index","follow":"follow","max-snippet":"max-snippet:-1","max-image-preview":"max-image-preview:large","max-video-preview":"max-video-preview:-1"},"canonical":"https:\/\/skinexpert.sesderma.com\/en\/crema-para-estrias-como-reducirlas-2\/","og_locale":"en_US","og_type":"article","og_title":"Crema para estr\u00edas: c\u00f3mo reducirlas y prevenir su aparici\u00f3n en 2025 - Skinexpert","og_description":"Las estr\u00edas siguen siendo una de las principales preocupaciones est\u00e9ticas tanto en mujeres como en hombres. Aunque no suponen un problema m\u00e9dico, s\u00ed afectan a la autoestima y a la apariencia de la piel. En este art\u00edculo te explicamos qu\u00e9 las causa, c\u00f3mo tratarlas seg\u00fan su fase y qu\u00e9 debe tener una crema para estr\u00edas...","og_url":"https:\/\/skinexpert.sesderma.com\/en\/crema-para-estrias-como-reducirlas-2\/","og_site_name":"Skinexpert","article_published_time":"2025-10-30T08:03:52+00:00","og_image":[{"url":"https:\/\/skinexpert.sesderma.com\/wp-content\/uploads\/magpleasure\/mpblog\/upload\/7\/4\/743aef46138a1f9b804124c4a69719af.jpg","type":"","width":"","height":""}],"author":"Rafaella Silva","twitter_card":"summary_large_image","twitter_misc":{"Written by":"Rafaella Silva","Est. reading time":"6 minutes"},"schema":{"@context":"https:\/\/schema.org","@graph":[{"@type":["Article","BlogPosting"],"@id":"https:\/\/skinexpert.sesderma.com\/en\/crema-para-estrias-como-reducirlas-2\/#article","isPartOf":{"@id":"https:\/\/skinexpert.sesderma.com\/en\/crema-para-estrias-como-reducirlas-2\/"},"author":{"name":"Rafaella Silva","@id":"https:\/\/skinexpert.sesderma.com\/en\/#\/schema\/person\/3138c79f4d71dc74907855753ea129e7"},"headline":"Crema para estr\u00edas: c\u00f3mo reducirlas y prevenir su aparici\u00f3n en 2025","datePublished":"2025-10-30T08:03:52+00:00","mainEntityOfPage":{"@id":"https:\/\/skinexpert.sesderma.com\/en\/crema-para-estrias-como-reducirlas-2\/"},"wordCount":1161,"commentCount":0,"publisher":{"@id":"https:\/\/skinexpert.sesderma.com\/en\/#organization"},"image":{"@id":"https:\/\/skinexpert.sesderma.com\/en\/crema-para-estrias-como-reducirlas-2\/#primaryimage"},"thumbnailUrl":"https:\/\/skinexpert.sesderma.com\/wp-content\/uploads\/2019\/09\/3ac9e7fc262fdedb42da6298435aa10a.jpg","inLanguage":"en-US","potentialAction":[{"@type":"CommentAction","name":"Comment","target":["https:\/\/skinexpert.sesderma.com\/en\/crema-para-estrias-como-reducirlas-2\/#respond"]}]},{"@type":"WebPage","@id":"https:\/\/skinexpert.sesderma.com\/en\/crema-para-estrias-como-reducirlas-2\/","url":"https:\/\/skinexpert.sesderma.com\/en\/crema-para-estrias-como-reducirlas-2\/","name":"Crema para estr\u00edas: c\u00f3mo reducirlas y prevenir su aparici\u00f3n en 2025 - Skinexpert","isPartOf":{"@id":"https:\/\/skinexpert.sesderma.com\/en\/#website"},"primaryImageOfPage":{"@id":"https:\/\/skinexpert.sesderma.com\/en\/crema-para-estrias-como-reducirlas-2\/#primaryimage"},"image":{"@id":"https:\/\/skinexpert.sesderma.com\/en\/crema-para-estrias-como-reducirlas-2\/#primaryimage"},"thumbnailUrl":"https:\/\/skinexpert.sesderma.com\/wp-content\/uploads\/2019\/09\/3ac9e7fc262fdedb42da6298435aa10a.jpg","datePublished":"2025-10-30T08:03:52+00:00","breadcrumb":{"@id":"https:\/\/skinexpert.sesderma.com\/en\/crema-para-estrias-como-reducirlas-2\/#breadcrumb"},"inLanguage":"en-US","potentialAction":[{"@type":"ReadAction","target":["https:\/\/skinexpert.sesderma.com\/en\/crema-para-estrias-como-reducirlas-2\/"]}]},{"@type":"ImageObject","inLanguage":"en-US","@id":"https:\/\/skinexpert.sesderma.com\/en\/crema-para-estrias-como-reducirlas-2\/#primaryimage","url":"https:\/\/skinexpert.sesderma.com\/wp-content\/uploads\/2019\/09\/3ac9e7fc262fdedb42da6298435aa10a.jpg","contentUrl":"https:\/\/skinexpert.sesderma.com\/wp-content\/uploads\/2019\/09\/3ac9e7fc262fdedb42da6298435aa10a.jpg","width":1080,"height":720},{"@type":"BreadcrumbList","@id":"https:\/\/skinexpert.sesderma.com\/en\/crema-para-estrias-como-reducirlas-2\/#breadcrumb","itemListElement":[{"@type":"ListItem","position":1,"name":"Blog Sesderma","item":"https:\/\/skinexpert.sesderma.com\/en\/"},{"@type":"ListItem","position":2,"name":"Crema para estr\u00edas: c\u00f3mo reducirlas y prevenir su aparici\u00f3n en 2025"}]},{"@type":"WebSite","@id":"https:\/\/skinexpert.sesderma.com\/en\/#website","url":"https:\/\/skinexpert.sesderma.com\/en\/","name":"Skinexpert","description":"Skinexpert","publisher":{"@id":"https:\/\/skinexpert.sesderma.com\/en\/#organization"},"potentialAction":[{"@type":"SearchAction","target":{"@type":"EntryPoint","urlTemplate":"https:\/\/skinexpert.sesderma.com\/en\/?s={search_term_string}"},"query-input":{"@type":"PropertyValueSpecification","valueRequired":true,"valueName":"search_term_string"}}],"inLanguage":"en-US"},{"@type":"Organization","@id":"https:\/\/skinexpert.sesderma.com\/en\/#organization","name":"Sesderma","url":"https:\/\/skinexpert.sesderma.com\/en\/","logo":{"@type":"ImageObject","inLanguage":"en-US","@id":"https:\/\/skinexpert.sesderma.com\/en\/#\/schema\/logo\/image\/","url":"https:\/\/skinexpert.sesderma.com\/wp-content\/uploads\/2019\/08\/logo.png","contentUrl":"https:\/\/skinexpert.sesderma.com\/wp-content\/uploads\/2019\/08\/logo.png","width":175,"height":102,"caption":"Sesderma"},"image":{"@id":"https:\/\/skinexpert.sesderma.com\/en\/#\/schema\/logo\/image\/"}},{"@type":"Person","@id":"https:\/\/skinexpert.sesderma.com\/en\/#\/schema\/person\/3138c79f4d71dc74907855753ea129e7","name":"Rafaella Silva","image":{"@type":"ImageObject","inLanguage":"en-US","@id":"https:\/\/secure.gravatar.com\/avatar\/6eaa9324d9a03ee1295446894f25ad4809f779363e421e645588bf24a64e6adb?s=96&d=mm&r=g","url":"https:\/\/secure.gravatar.com\/avatar\/6eaa9324d9a03ee1295446894f25ad4809f779363e421e645588bf24a64e6adb?s=96&d=mm&r=g","contentUrl":"https:\/\/secure.gravatar.com\/avatar\/6eaa9324d9a03ee1295446894f25ad4809f779363e421e645588bf24a64e6adb?s=96&d=mm&r=g","caption":"Rafaella Silva"},"url":"https:\/\/skinexpert.sesderma.com\/en\/author\/rafaella_silva\/"}]}},"_links":{"self":[{"href":"https:\/\/skinexpert.sesderma.com\/en\/wp-json\/wp\/v2\/posts\/14221","targetHints":{"allow":["GET"]}}],"collection":[{"href":"https:\/\/skinexpert.sesderma.com\/en\/wp-json\/wp\/v2\/posts"}],"about":[{"href":"https:\/\/skinexpert.sesderma.com\/en\/wp-json\/wp\/v2\/types\/post"}],"author":[{"embeddable":true,"href":"https:\/\/skinexpert.sesderma.com\/en\/wp-json\/wp\/v2\/users\/8"}],"replies":[{"embeddable":true,"href":"https:\/\/skinexpert.sesderma.com\/en\/wp-json\/wp\/v2\/comments?post=14221"}],"version-history":[{"count":0,"href":"https:\/\/skinexpert.sesderma.com\/en\/wp-json\/wp\/v2\/posts\/14221\/revisions"}],"wp:featuredmedia":[{"embeddable":true,"href":"https:\/\/skinexpert.sesderma.com\/en\/wp-json\/wp\/v2\/media\/12161"}],"wp:attachment":[{"href":"https:\/\/skinexpert.sesderma.com\/en\/wp-json\/wp\/v2\/media?parent=14221"}],"wp:term":[{"taxonomy":"category","embeddable":true,"href":"https:\/\/skinexpert.sesderma.com\/en\/wp-json\/wp\/v2\/categories?post=14221"},{"taxonomy":"post_tag","embeddable":true,"href":"https:\/\/skinexpert.sesderma.com\/en\/wp-json\/wp\/v2\/tags?post=14221"}],"curies":[{"name":"wp","href":"https:\/\/api.w.org\/{rel}","templated":true}]}}